{"id":3631,"date":"2026-04-27T15:24:00","date_gmt":"2026-04-27T13:24:00","guid":{"rendered":"https:\/\/agora.xtec.cat\/iticbcn\/?p=3631"},"modified":"2026-04-27T15:24:50","modified_gmt":"2026-04-27T13:24:50","slug":"el-nuvol-es-consolida-i-samplia-a-litic","status":"publish","type":"post","link":"https:\/\/agora.xtec.cat\/iticbcn\/general\/el-nuvol-es-consolida-i-samplia-a-litic\/","title":{"rendered":"El n\u00favol es consolida i s&#8217;amplia a l&#8217;ITICBCN"},"content":{"rendered":"\n<p>Estem molt contents d&#8217;anunciar que el curs 2026\/27 estrenem una formaci\u00f3 que feia temps que esper\u00e0vem: el&nbsp;<strong>Curs d&#8217;Especialitzaci\u00f3 en Recursos i Serveis al N\u00favol<\/strong>.<\/p>\n\n\n\n<p>700 hores per convertir-te en un\/a professional del cloud computing. I no parlem de teoria: parlem de desplegar infraestructures reals, administrar bases de dades, gestionar xarxes al n\u00favol i automatitzar processos amb criteris de ciberseguretat.<\/p>\n\n\n\n<p>Qu\u00e8 ser\u00e0s en acabar? Doncs podr\u00e0s treballar com a:<\/p>\n\n\n\n<p><img decoding=\"async\" alt=\"\u2601\ufe0f\" src=\"https:\/\/fonts.gstatic.com\/s\/e\/notoemoji\/17.0\/2601_fe0f\/32.png\">&nbsp;Administrador\/a d&#8217;infraestructures al n\u00favol&nbsp;<img decoding=\"async\" alt=\"\u2601\ufe0f\" src=\"https:\/\/fonts.gstatic.com\/s\/e\/notoemoji\/17.0\/2601_fe0f\/32.png\">&nbsp;Administrador\/a de sistemes, xarxes o bases de dades cloud&nbsp;<img decoding=\"async\" alt=\"\u2601\ufe0f\" src=\"https:\/\/fonts.gstatic.com\/s\/e\/notoemoji\/17.0\/2601_fe0f\/32.png\">&nbsp;T\u00e8cnic\/a de solucions i operacions al n\u00favol<\/p>\n\n\n\n<p>Si tens un grau superior en ASIX, DAM, DAW, Telecomunicacions, Mecatr\u00f2nica o similars&#8230; aquest curs \u00e9s per a tu.<\/p>\n\n\n\n<p><img decoding=\"async\" alt=\"\ud83d\udccd\" src=\"https:\/\/fonts.gstatic.com\/s\/e\/notoemoji\/17.0\/1f4cd\/32.png\">&nbsp;Ens trobar\u00e0s al C\/ Sancho de Avila, 131-133, Barcelona.<\/p>\n\n\n\n<p>Vols saber-ne m\u00e9s? Entra a\u00a0<a href=\"https:\/\/fp.edubcn.cat\/estudis?id=910#modal\">fp.edubcn.cat<\/a>\u00a0o escriu-nos! El futur \u00e9s al n\u00favol, i tu pots ser-hi.\u00a0<img decoding=\"async\" src=\"https:\/\/fonts.gstatic.com\/s\/e\/notoemoji\/17.0\/2601_fe0f\/32.png\" alt=\"\u2601\ufe0f\"><\/p>\n\n\n\n<p><\/p>\n","protected":false},"excerpt":{"rendered":"<p>Estem molt contents d&#8217;anunciar que el curs 2026\/27 estrenem una formaci\u00f3 que feia temps que esper\u00e0vem: el&nbsp;Curs d&#8217;Especialitzaci\u00f3 en Recursos i Serveis al N\u00favol.<\/p>\n<p>700 hores per convertir-te en un\/a professional del cloud computing. I no parlem de teoria: parlem de desplegar infraestructures reals, administrar bases&hellip;  <a href=\"https:\/\/agora.xtec.cat\/iticbcn\/general\/el-nuvol-es-consolida-i-samplia-a-litic\/\" title=\"Read El n\u00favol es consolida i s&#8217;amplia a l&#8217;ITICBCN\">Llegeix m\u00e9s\u00bb<\/a><\/p>\n","protected":false},"author":4,"featured_media":0,"comment_status":"closed","ping_status":"open","sticky":false,"template":"","format":"standard","meta":{"_bbp_topic_count":0,"_bbp_reply_count":0,"_bbp_total_topic_count":0,"_bbp_total_reply_count":0,"_bbp_voice_count":0,"_bbp_anonymous_reply_count":0,"_bbp_topic_count_hidden":0,"_bbp_reply_count_hidden":0,"_bbp_forum_subforum_count":0,"footnotes":""},"categories":[1,29],"tags":[],"class_list":["post-3631","post","type-post","status-publish","format-standard","hentry","category-general","category-portada"],"post_mailing_queue_ids":[],"_links":{"self":[{"href":"https:\/\/agora.xtec.cat\/iticbcn\/wp-json\/wp\/v2\/posts\/3631","targetHints":{"allow":["GET"]}}],"collection":[{"href":"https:\/\/agora.xtec.cat\/iticbcn\/wp-json\/wp\/v2\/posts"}],"about":[{"href":"https:\/\/agora.xtec.cat\/iticbcn\/wp-json\/wp\/v2\/types\/post"}],"author":[{"embeddable":true,"href":"https:\/\/agora.xtec.cat\/iticbcn\/wp-json\/wp\/v2\/users\/4"}],"replies":[{"embeddable":true,"href":"https:\/\/agora.xtec.cat\/iticbcn\/wp-json\/wp\/v2\/comments?post=3631"}],"version-history":[{"count":3,"href":"https:\/\/agora.xtec.cat\/iticbcn\/wp-json\/wp\/v2\/posts\/3631\/revisions"}],"predecessor-version":[{"id":3634,"href":"https:\/\/agora.xtec.cat\/iticbcn\/wp-json\/wp\/v2\/posts\/3631\/revisions\/3634"}],"wp:attachment":[{"href":"https:\/\/agora.xtec.cat\/iticbcn\/wp-json\/wp\/v2\/media?parent=3631"}],"wp:term":[{"taxonomy":"category","embeddable":true,"href":"https:\/\/agora.xtec.cat\/iticbcn\/wp-json\/wp\/v2\/categories?post=3631"},{"taxonomy":"post_tag","embeddable":true,"href":"https:\/\/agora.xtec.cat\/iticbcn\/wp-json\/wp\/v2\/tags?post=3631"}],"curies":[{"name":"wp","href":"https:\/\/api.w.org\/{rel}","templated":true}]}}