{"id":994,"date":"2021-04-13T14:54:20","date_gmt":"2021-04-13T12:54:20","guid":{"rendered":"https:\/\/agora.xtec.cat\/insvoltrera\/?p=994"},"modified":"2023-11-10T16:31:04","modified_gmt":"2023-11-10T15:31:04","slug":"taller-gratuit-speaking","status":"publish","type":"post","link":"https:\/\/agora.xtec.cat\/insvoltrera\/eso\/taller-gratuit-speaking\/","title":{"rendered":"Taller gratu\u00eft speaking"},"content":{"rendered":"<p><span style=\"color: #333399;\">Benvolgudes fam\u00edlies,<\/span><\/p>\n<p><span style=\"color: #333399;\">Des de l&#8217;AMPA i amb la col.laboraci\u00f3 de l&#8217;acad\u00e8mia <a style=\"color: #333399;\" href=\"https:\/\/es.eireschool.com\/\">EIRE SCHOOL OF ENGLISH<\/a> d&#8217;Abrera, us informem que el dia 19 de abril s&#8217;iniciar\u00e0 el <strong>TALLER GRATU\u00cfT DE SPEAKING<\/strong> dirigit als alumnes de 1er a 4art d&#8217;ESO i 1er i 2on de batxillerat.<\/span><\/p>\n<p><span style=\"color: #333399;\">El curs s&#8217;impartir\u00e0 a les aules de la 2a Seu de l&#8217;Institut durant 6 sessions, del 19 de abril fins el 28 de maig .<\/span><\/p>\n<p><span style=\"color: #333399;\"><a style=\"color: #333399;\" href=\"https:\/\/agora.xtec.cat\/insvoltrera\/wp-content\/uploads\/usu2424\/2021\/04\/tallerSpeaking.pdf\" target=\"_blank\" rel=\"noopener noreferrer\">Per m\u00e9s informaci\u00f3n i fer inscripci\u00f3 cliqueu a<\/a> <a style=\"color: #333399;\" href=\"https:\/\/agora.xtec.cat\/insvoltrera\/wp-content\/uploads\/usu2424\/2021\/04\/tallerSpeaking.pdf\" target=\"_blank\" rel=\"noopener noreferrer\">AQU\u00cd<\/a><\/span><\/p>\n<p><span style=\"color: #333399;\">Cordialment<\/span><\/p>\n<p><span style=\"color: #808080;\">AFA Institut VOLTRERA<\/span><\/p>\n","protected":false},"excerpt":{"rendered":"<p>Benvolgudes fam\u00edlies,<br \/>\nDes de l&#8217;AMPA i amb la col.laboraci\u00f3 de l&#8217;acad\u00e8mia <a style=\"color: #333399;\" href=\"https:\/\/es.eireschool.com\/\">EIRE SCHOOL OF ENGLISH<\/a> d&#8217;Abrera, us informem que el dia 19 de abril s&#8217;iniciar\u00e0 el TALLER GRATU\u00cfT DE SPEAKING dirigit als alumnes de 1er a 4art d&#8217;ESO i 1er i 2on de&hellip;  <a href=\"https:\/\/agora.xtec.cat\/insvoltrera\/eso\/taller-gratuit-speaking\/\" title=\"Read Taller gratu\u00eft speaking\">Llegeix m\u00e9s\u00bb<\/a><\/p>\n","protected":false},"author":3,"featured_media":0,"comment_status":"open","ping_status":"closed","sticky":false,"template":"","format":"standard","meta":{"_bbp_topic_count":0,"_bbp_reply_count":0,"_bbp_total_topic_count":0,"_bbp_total_reply_count":0,"_bbp_voice_count":0,"_bbp_anonymous_reply_count":0,"_bbp_topic_count_hidden":0,"_bbp_reply_count_hidden":0,"_bbp_forum_subforum_count":0,"footnotes":""},"categories":[31,3,107,29],"tags":[],"class_list":["post-994","post","type-post","status-publish","format-standard","hentry","category-afa","category-eso","category-llengues-ambits-didactics","category-portada"],"post_mailing_queue_ids":[],"_links":{"self":[{"href":"https:\/\/agora.xtec.cat\/insvoltrera\/wp-json\/wp\/v2\/posts\/994","targetHints":{"allow":["GET"]}}],"collection":[{"href":"https:\/\/agora.xtec.cat\/insvoltrera\/wp-json\/wp\/v2\/posts"}],"about":[{"href":"https:\/\/agora.xtec.cat\/insvoltrera\/wp-json\/wp\/v2\/types\/post"}],"author":[{"embeddable":true,"href":"https:\/\/agora.xtec.cat\/insvoltrera\/wp-json\/wp\/v2\/users\/3"}],"replies":[{"embeddable":true,"href":"https:\/\/agora.xtec.cat\/insvoltrera\/wp-json\/wp\/v2\/comments?post=994"}],"version-history":[{"count":5,"href":"https:\/\/agora.xtec.cat\/insvoltrera\/wp-json\/wp\/v2\/posts\/994\/revisions"}],"predecessor-version":[{"id":3238,"href":"https:\/\/agora.xtec.cat\/insvoltrera\/wp-json\/wp\/v2\/posts\/994\/revisions\/3238"}],"wp:attachment":[{"href":"https:\/\/agora.xtec.cat\/insvoltrera\/wp-json\/wp\/v2\/media?parent=994"}],"wp:term":[{"taxonomy":"category","embeddable":true,"href":"https:\/\/agora.xtec.cat\/insvoltrera\/wp-json\/wp\/v2\/categories?post=994"},{"taxonomy":"post_tag","embeddable":true,"href":"https:\/\/agora.xtec.cat\/insvoltrera\/wp-json\/wp\/v2\/tags?post=994"}],"curies":[{"name":"wp","href":"https:\/\/api.w.org\/{rel}","templated":true}]}}