{"id":924,"date":"2021-03-07T12:58:43","date_gmt":"2021-03-07T11:58:43","guid":{"rendered":"https:\/\/agora.xtec.cat\/insvoltrera\/?p=924"},"modified":"2021-03-08T08:38:14","modified_gmt":"2021-03-08T07:38:14","slug":"commemoracio-del-8-de-marc","status":"publish","type":"post","link":"https:\/\/agora.xtec.cat\/insvoltrera\/general\/commemoracio-del-8-de-marc\/","title":{"rendered":"Commemoraci\u00f3 del 8 de mar\u00e7"},"content":{"rendered":"<p><strong><span style=\"color: #800080;\">L&#8217;institut Voltrera s&#8217;adhereix a la commemoraci\u00f3 del dia internacional de la dona, juntament amb les activitats promogudes des de l&#8217;Ajuntament d&#8217;Abrera.<\/span><\/strong><\/p>\n<p><strong><span style=\"color: #800080;\">Les alumnes Laia Carrob\u00e9 Igl\u00e9sias i J\u00falia Garc\u00eda Almansa de l&#8217;Institut Voltrera llegeixen el manifest a l&#8217;Ajuntament d&#8217;Abrera.<\/span><\/strong><\/p>\n<p><strong><span style=\"color: #800080;\"><a href=\"https:\/\/www.youtube.com\/channel\/UCu6T1G7m22KX2x_VQo30rsg\">Enlla\u00e7 al v\u00eddeo<\/a> (s&#8217;estrenar\u00e0 a les 12 hores del dia 8 de mar\u00e7).<\/span><\/strong><\/p>\n<p><a href=\"https:\/\/agora.xtec.cat\/insvoltrera\/wp-content\/uploads\/usu2424\/2021\/03\/8M_2021.jpg\"><img loading=\"lazy\" decoding=\"async\" class=\"alignnone size-large wp-image-925\" src=\"https:\/\/agora.xtec.cat\/insvoltrera\/wp-content\/uploads\/usu2424\/2021\/03\/8M_2021-1024x766.jpg\" alt=\"\" width=\"1024\" height=\"766\" srcset=\"https:\/\/agora.xtec.cat\/insvoltrera\/wp-content\/uploads\/usu2424\/2021\/03\/8M_2021-1024x766.jpg 1024w, https:\/\/agora.xtec.cat\/insvoltrera\/wp-content\/uploads\/usu2424\/2021\/03\/8M_2021-300x224.jpg 300w, https:\/\/agora.xtec.cat\/insvoltrera\/wp-content\/uploads\/usu2424\/2021\/03\/8M_2021-768x574.jpg 768w, https:\/\/agora.xtec.cat\/insvoltrera\/wp-content\/uploads\/usu2424\/2021\/03\/8M_2021-200x150.jpg 200w, https:\/\/agora.xtec.cat\/insvoltrera\/wp-content\/uploads\/usu2424\/2021\/03\/8M_2021.jpg 2000w\" sizes=\"auto, (max-width: 1024px) 100vw, 1024px\" \/><\/a><\/p>\n","protected":false},"excerpt":{"rendered":"<p>L&#8217;institut Voltrera s&#8217;adhereix a la commemoraci\u00f3 del dia internacional de la dona, juntament amb les activitats promogudes des de l&#8217;Ajuntament d&#8217;Abrera.<br \/>\nLes alumnes Laia Carrob\u00e9 Igl\u00e9sias i J\u00falia Garc\u00eda Almansa de l&#8217;Institut Voltrera llegeixen el manifest a l&#8217;Ajuntament d&#8217;Abrera.<br \/>\n<a href=\"https:\/\/www.youtube.com\/channel\/UCu6T1G7m22KX2x_VQo30rsg\">Enlla\u00e7 al v\u00eddeo<\/a> (s&#8217;estrenar\u00e0 a les 12&hellip;  <a href=\"https:\/\/agora.xtec.cat\/insvoltrera\/general\/commemoracio-del-8-de-marc\/\" title=\"Read Commemoraci\u00f3 del 8 de mar\u00e7\">Llegeix m\u00e9s\u00bb<\/a><\/p>\n","protected":false},"author":3,"featured_media":0,"comment_status":"open","ping_status":"closed","sticky":false,"template":"","format":"standard","meta":{"_bbp_topic_count":0,"_bbp_reply_count":0,"_bbp_total_topic_count":0,"_bbp_total_reply_count":0,"_bbp_voice_count":0,"_bbp_anonymous_reply_count":0,"_bbp_topic_count_hidden":0,"_bbp_reply_count_hidden":0,"_bbp_forum_subforum_count":0,"footnotes":""},"categories":[8,3,1,29],"tags":[],"class_list":["post-924","post","type-post","status-publish","format-standard","hentry","category-batxillerat","category-eso","category-general","category-portada"],"post_mailing_queue_ids":[],"_links":{"self":[{"href":"https:\/\/agora.xtec.cat\/insvoltrera\/wp-json\/wp\/v2\/posts\/924","targetHints":{"allow":["GET"]}}],"collection":[{"href":"https:\/\/agora.xtec.cat\/insvoltrera\/wp-json\/wp\/v2\/posts"}],"about":[{"href":"https:\/\/agora.xtec.cat\/insvoltrera\/wp-json\/wp\/v2\/types\/post"}],"author":[{"embeddable":true,"href":"https:\/\/agora.xtec.cat\/insvoltrera\/wp-json\/wp\/v2\/users\/3"}],"replies":[{"embeddable":true,"href":"https:\/\/agora.xtec.cat\/insvoltrera\/wp-json\/wp\/v2\/comments?post=924"}],"version-history":[{"count":3,"href":"https:\/\/agora.xtec.cat\/insvoltrera\/wp-json\/wp\/v2\/posts\/924\/revisions"}],"predecessor-version":[{"id":931,"href":"https:\/\/agora.xtec.cat\/insvoltrera\/wp-json\/wp\/v2\/posts\/924\/revisions\/931"}],"wp:attachment":[{"href":"https:\/\/agora.xtec.cat\/insvoltrera\/wp-json\/wp\/v2\/media?parent=924"}],"wp:term":[{"taxonomy":"category","embeddable":true,"href":"https:\/\/agora.xtec.cat\/insvoltrera\/wp-json\/wp\/v2\/categories?post=924"},{"taxonomy":"post_tag","embeddable":true,"href":"https:\/\/agora.xtec.cat\/insvoltrera\/wp-json\/wp\/v2\/tags?post=924"}],"curies":[{"name":"wp","href":"https:\/\/api.w.org\/{rel}","templated":true}]}}