{"id":892,"date":"2021-02-18T18:40:09","date_gmt":"2021-02-18T17:40:09","guid":{"rendered":"https:\/\/agora.xtec.cat\/insvoltrera\/?p=892"},"modified":"2021-07-13T20:03:23","modified_gmt":"2021-07-13T18:03:23","slug":"certamen-literari-de-sant-jordi","status":"publish","type":"post","link":"https:\/\/agora.xtec.cat\/insvoltrera\/eso\/certamen-literari-de-sant-jordi\/","title":{"rendered":"Certamen literari de Sant Jordi"},"content":{"rendered":"<p>&nbsp;<\/p>\n<p><span style=\"color: #000080;\">Des dels departaments de <strong>Lleng\u00fces<\/strong> i <strong>Lleng\u00fces estrangeres<\/strong>, us animem a participar en el<strong> tradicional certamen literari de Sant Jordi<\/strong>. Podeu fer-ho en catal\u00e0, castell\u00e0, angl\u00e8s i franc\u00e8s i en les modalitats de prosa o poesia. Els vostres professors us informaran aviat i a m\u00e9s trobareu m\u00e9s informaci\u00f3 a les Bases del Certamen Literari. Consulteu les bases <a href=\"https:\/\/agora.xtec.cat\/insvoltrera\/wp-content\/uploads\/usu2424\/2021\/03\/CERTAMEN-LITERARI-SANT-JORDI-2021.pdf\"><strong>aqu\u00ed<\/strong><\/a>.<\/span><\/p>\n<p>&nbsp;<\/p>\n<p style=\"text-align: center;\"><a href=\"https:\/\/agora.xtec.cat\/insvoltrera\/wp-content\/uploads\/usu2424\/2021\/03\/CERTAMEN-LITERARI-SANT-JORDI-2021.pdf\" target=\"_blank\" rel=\"noopener noreferrer\"><img loading=\"lazy\" decoding=\"async\" class=\"alignnone wp-image-894\" src=\"https:\/\/agora.xtec.cat\/insvoltrera\/wp-content\/uploads\/usu2424\/2021\/03\/imatgeCertamenLiterari_2021.jpg\" alt=\"\" width=\"337\" height=\"224\" \/><\/a><\/p>\n<p>&nbsp;<\/p>\n<p><strong><span style=\"color: #800080;\">Animeu-vos i mostreu el vostre esperit literari.<\/span><\/strong><\/p>\n","protected":false},"excerpt":{"rendered":"<p>&nbsp;<br \/>\nDes dels departaments de Lleng\u00fces i Lleng\u00fces estrangeres, us animem a participar en el tradicional certamen literari de Sant Jordi. Podeu fer-ho en catal\u00e0, castell\u00e0, angl\u00e8s i franc\u00e8s i en les modalitats de prosa o poesia. Els vostres professors us informaran aviat i a m\u00e9s&hellip;  <a href=\"https:\/\/agora.xtec.cat\/insvoltrera\/eso\/certamen-literari-de-sant-jordi\/\" title=\"Read Certamen literari de Sant Jordi\">Llegeix m\u00e9s\u00bb<\/a><\/p>\n","protected":false},"author":3,"featured_media":0,"comment_status":"open","ping_status":"closed","sticky":false,"template":"","format":"standard","meta":{"_bbp_topic_count":0,"_bbp_reply_count":0,"_bbp_total_topic_count":0,"_bbp_total_reply_count":0,"_bbp_voice_count":0,"_bbp_anonymous_reply_count":0,"_bbp_topic_count_hidden":0,"_bbp_reply_count_hidden":0,"_bbp_forum_subforum_count":0,"footnotes":""},"categories":[3,107,29],"tags":[],"class_list":["post-892","post","type-post","status-publish","format-standard","hentry","category-eso","category-llengues-ambits-didactics","category-portada"],"post_mailing_queue_ids":[],"_links":{"self":[{"href":"https:\/\/agora.xtec.cat\/insvoltrera\/wp-json\/wp\/v2\/posts\/892","targetHints":{"allow":["GET"]}}],"collection":[{"href":"https:\/\/agora.xtec.cat\/insvoltrera\/wp-json\/wp\/v2\/posts"}],"about":[{"href":"https:\/\/agora.xtec.cat\/insvoltrera\/wp-json\/wp\/v2\/types\/post"}],"author":[{"embeddable":true,"href":"https:\/\/agora.xtec.cat\/insvoltrera\/wp-json\/wp\/v2\/users\/3"}],"replies":[{"embeddable":true,"href":"https:\/\/agora.xtec.cat\/insvoltrera\/wp-json\/wp\/v2\/comments?post=892"}],"version-history":[{"count":3,"href":"https:\/\/agora.xtec.cat\/insvoltrera\/wp-json\/wp\/v2\/posts\/892\/revisions"}],"predecessor-version":[{"id":898,"href":"https:\/\/agora.xtec.cat\/insvoltrera\/wp-json\/wp\/v2\/posts\/892\/revisions\/898"}],"wp:attachment":[{"href":"https:\/\/agora.xtec.cat\/insvoltrera\/wp-json\/wp\/v2\/media?parent=892"}],"wp:term":[{"taxonomy":"category","embeddable":true,"href":"https:\/\/agora.xtec.cat\/insvoltrera\/wp-json\/wp\/v2\/categories?post=892"},{"taxonomy":"post_tag","embeddable":true,"href":"https:\/\/agora.xtec.cat\/insvoltrera\/wp-json\/wp\/v2\/tags?post=892"}],"curies":[{"name":"wp","href":"https:\/\/api.w.org\/{rel}","templated":true}]}}