{"id":547,"date":"2019-09-28T19:38:19","date_gmt":"2019-09-28T17:38:19","guid":{"rendered":"https:\/\/agora.xtec.cat\/iesvoltrera\/?p=547"},"modified":"2021-07-13T20:05:39","modified_gmt":"2021-07-13T18:05:39","slug":"lliurament-delf-promocio-2017-2018","status":"publish","type":"post","link":"https:\/\/agora.xtec.cat\/insvoltrera\/general\/lliurament-delf-promocio-2017-2018\/","title":{"rendered":"Lliurament DELF promoci\u00f3 2017-2018"},"content":{"rendered":"<p><span style=\"color: #333399;\">Lliurament dels diplomes oficials de franc\u00e8s a l&#8217;alumnat de la promoci\u00f3 del 2017-2018.<\/span><\/p>\n<p><span style=\"color: #333399;\"><strong><em>Dipl\u00f4mes d&#8217;\u00e9tudes en langue fran\u00e7aise<\/em><\/strong><\/span><\/p>\n<p><strong><span style=\"color: #ff6600;\">Felicitats!<\/span><\/strong><\/p>\n<p><a href=\"https:\/\/agora.xtec.cat\/iesvoltrera\/wp-content\/uploads\/usu2424\/2020\/11\/delf_19_red.jpg\"><img loading=\"lazy\" decoding=\"async\" class=\"alignnone size-large wp-image-548\" src=\"https:\/\/agora.xtec.cat\/iesvoltrera\/wp-content\/uploads\/usu2424\/2020\/11\/delf_19_red-1024x768.jpg\" alt=\"\" width=\"1024\" height=\"768\" srcset=\"https:\/\/agora.xtec.cat\/insvoltrera\/wp-content\/uploads\/usu2424\/2020\/11\/delf_19_red.jpg 1024w, https:\/\/agora.xtec.cat\/insvoltrera\/wp-content\/uploads\/usu2424\/2020\/11\/delf_19_red-300x225.jpg 300w, https:\/\/agora.xtec.cat\/insvoltrera\/wp-content\/uploads\/usu2424\/2020\/11\/delf_19_red-768x576.jpg 768w, https:\/\/agora.xtec.cat\/insvoltrera\/wp-content\/uploads\/usu2424\/2020\/11\/delf_19_red-200x150.jpg 200w\" sizes=\"auto, (max-width: 1024px) 100vw, 1024px\" \/><\/a><\/p>\n","protected":false},"excerpt":{"rendered":"<p>Lliurament dels diplomes oficials de franc\u00e8s a l&#8217;alumnat de la promoci\u00f3 del 2017-2018.<br \/>\nDipl\u00f4mes d&#8217;\u00e9tudes en langue fran\u00e7aise<br \/>\nFelicitats!<br \/>\n<a href=\"https:\/\/agora.xtec.cat\/iesvoltrera\/wp-content\/uploads\/usu2424\/2020\/11\/delf_19_red.jpg\"><\/a><\/p>\n","protected":false},"author":3,"featured_media":0,"comment_status":"open","ping_status":"closed","sticky":false,"template":"","format":"standard","meta":{"_bbp_topic_count":0,"_bbp_reply_count":0,"_bbp_total_topic_count":0,"_bbp_total_reply_count":0,"_bbp_voice_count":0,"_bbp_anonymous_reply_count":0,"_bbp_topic_count_hidden":0,"_bbp_reply_count_hidden":0,"_bbp_forum_subforum_count":0,"footnotes":""},"categories":[104,1,107,29],"tags":[],"class_list":["post-547","post","type-post","status-publish","format-standard","hentry","category-delf","category-general","category-llengues-ambits-didactics","category-portada"],"post_mailing_queue_ids":[],"_links":{"self":[{"href":"https:\/\/agora.xtec.cat\/insvoltrera\/wp-json\/wp\/v2\/posts\/547","targetHints":{"allow":["GET"]}}],"collection":[{"href":"https:\/\/agora.xtec.cat\/insvoltrera\/wp-json\/wp\/v2\/posts"}],"about":[{"href":"https:\/\/agora.xtec.cat\/insvoltrera\/wp-json\/wp\/v2\/types\/post"}],"author":[{"embeddable":true,"href":"https:\/\/agora.xtec.cat\/insvoltrera\/wp-json\/wp\/v2\/users\/3"}],"replies":[{"embeddable":true,"href":"https:\/\/agora.xtec.cat\/insvoltrera\/wp-json\/wp\/v2\/comments?post=547"}],"version-history":[{"count":2,"href":"https:\/\/agora.xtec.cat\/insvoltrera\/wp-json\/wp\/v2\/posts\/547\/revisions"}],"predecessor-version":[{"id":550,"href":"https:\/\/agora.xtec.cat\/insvoltrera\/wp-json\/wp\/v2\/posts\/547\/revisions\/550"}],"wp:attachment":[{"href":"https:\/\/agora.xtec.cat\/insvoltrera\/wp-json\/wp\/v2\/media?parent=547"}],"wp:term":[{"taxonomy":"category","embeddable":true,"href":"https:\/\/agora.xtec.cat\/insvoltrera\/wp-json\/wp\/v2\/categories?post=547"},{"taxonomy":"post_tag","embeddable":true,"href":"https:\/\/agora.xtec.cat\/insvoltrera\/wp-json\/wp\/v2\/tags?post=547"}],"curies":[{"name":"wp","href":"https:\/\/api.w.org\/{rel}","templated":true}]}}