{"id":4991,"date":"2026-03-26T18:32:12","date_gmt":"2026-03-26T17:32:12","guid":{"rendered":"https:\/\/agora.xtec.cat\/insvoltrera\/?p=4991"},"modified":"2026-03-26T18:33:26","modified_gmt":"2026-03-26T17:33:26","slug":"intercanvi-berlin-estada-a-abrera-iii","status":"publish","type":"post","link":"https:\/\/agora.xtec.cat\/insvoltrera\/eso\/intercanvi-berlin-estada-a-abrera-iii\/","title":{"rendered":"Intercanvi Berl\u00edn. Estada a Abrera III"},"content":{"rendered":"<p style=\"text-align: justify;\"><a href=\"https:\/\/agora.xtec.cat\/insvoltrera\/wp-content\/uploads\/usu2424\/2026\/03\/IMG_0390.heic\"><img decoding=\"async\" class=\"alignnone size-full wp-image-4990\" src=\"https:\/\/agora.xtec.cat\/insvoltrera\/wp-content\/uploads\/usu2424\/2026\/03\/IMG_0390.heic\" alt=\"\" \/><\/a><span style=\"color: #000080;\">Dimarts 24 de mar\u00e7, els alumnes alemanys de l\u2019intercanvi amb l\u2019institut Primo Levi Gymnasium de Berl\u00edn van visitar dos dels espais m\u00e9s emblem\u00e0tics de Barcelona:<strong> La Sagrada Fam\u00edlia i La Pedrera<\/strong>.<\/span><\/p>\n<p style=\"text-align: justify;\" data-start=\"295\" data-end=\"509\"><span style=\"color: #000080;\">Al vespre, els 50 alumnes participants en l\u2019intercanvi van compartir un sopar de germanor, una trobada que va servir per posar en com\u00fa les experi\u00e8ncies viscudes i refor\u00e7ar els vincles creats al llarg de l\u2019estada.<\/span><\/p>\n<p style=\"text-align: justify;\" data-start=\"511\" data-end=\"689\"><span style=\"color: #000080;\">L\u2019endem\u00e0, dimecres 25 de mar\u00e7, van gaudir d\u2019uns moments d\u2019activitat esportiva a l\u2019Institut Voltrera, en un ambient dist\u00e8s que va servir de comiat abans del seu retorn a Berl\u00edn. <\/span><span style=\"color: #000080; font-family: inherit; font-size: 1em;\">D\u2019aqu\u00ed a dues setmanes, els alumnes tindran l\u2019oportunitat de retrobar-se a la capital alemanya, on continuaran compartint noves experi\u00e8ncies dins del programa d\u2019intercanvi.<\/span><\/p>\n<p><a href=\"https:\/\/agora.xtec.cat\/insvoltrera\/wp-content\/uploads\/usu2424\/2026\/03\/GrupAbrera_Berlin_2026_Comp.jpg\"><img loading=\"lazy\" decoding=\"async\" class=\"alignnone size-full wp-image-4992\" src=\"https:\/\/agora.xtec.cat\/insvoltrera\/wp-content\/uploads\/usu2424\/2026\/03\/GrupAbrera_Berlin_2026_Comp.jpg\" alt=\"\" width=\"1024\" height=\"768\" srcset=\"https:\/\/agora.xtec.cat\/insvoltrera\/wp-content\/uploads\/usu2424\/2026\/03\/GrupAbrera_Berlin_2026_Comp.jpg 1024w, https:\/\/agora.xtec.cat\/insvoltrera\/wp-content\/uploads\/usu2424\/2026\/03\/GrupAbrera_Berlin_2026_Comp-300x225.jpg 300w, https:\/\/agora.xtec.cat\/insvoltrera\/wp-content\/uploads\/usu2424\/2026\/03\/GrupAbrera_Berlin_2026_Comp-768x576.jpg 768w, https:\/\/agora.xtec.cat\/insvoltrera\/wp-content\/uploads\/usu2424\/2026\/03\/GrupAbrera_Berlin_2026_Comp-200x150.jpg 200w\" sizes=\"auto, (max-width: 1024px) 100vw, 1024px\" \/><\/a><a href=\"https:\/\/agora.xtec.cat\/insvoltrera\/wp-content\/uploads\/usu2424\/2026\/03\/IMG_0390.heic\"><img decoding=\"async\" class=\"alignnone size-full wp-image-4990\" src=\"https:\/\/agora.xtec.cat\/insvoltrera\/wp-content\/uploads\/usu2424\/2026\/03\/IMG_0390.heic\" alt=\"\" \/><\/a><\/p>\n","protected":false},"excerpt":{"rendered":"<p><a href=\"https:\/\/agora.xtec.cat\/insvoltrera\/wp-content\/uploads\/usu2424\/2026\/03\/IMG_0390.heic\"><\/a>Dimarts 24 de mar\u00e7, els alumnes alemanys de l\u2019intercanvi amb l\u2019institut Primo Levi Gymnasium de Berl\u00edn van visitar dos dels espais m\u00e9s emblem\u00e0tics de Barcelona: La Sagrada Fam\u00edlia i La Pedrera.<br \/>\nAl vespre, els 50 alumnes participants en l\u2019intercanvi van compartir un sopar de germanor,&hellip;  <a href=\"https:\/\/agora.xtec.cat\/insvoltrera\/eso\/intercanvi-berlin-estada-a-abrera-iii\/\" title=\"Read Intercanvi Berl\u00edn. Estada a Abrera III\">Llegeix m\u00e9s\u00bb<\/a><\/p>\n","protected":false},"author":3,"featured_media":0,"comment_status":"open","ping_status":"open","sticky":false,"template":"","format":"standard","meta":{"_bbp_topic_count":0,"_bbp_reply_count":0,"_bbp_total_topic_count":0,"_bbp_total_reply_count":0,"_bbp_voice_count":0,"_bbp_anonymous_reply_count":0,"_bbp_topic_count_hidden":0,"_bbp_reply_count_hidden":0,"_bbp_forum_subforum_count":0,"footnotes":""},"categories":[3,119,107,29],"tags":[],"class_list":["post-4991","post","type-post","status-publish","format-standard","hentry","category-eso","category-intercanviberlin","category-llengues-ambits-didactics","category-portada"],"post_mailing_queue_ids":[],"_links":{"self":[{"href":"https:\/\/agora.xtec.cat\/insvoltrera\/wp-json\/wp\/v2\/posts\/4991","targetHints":{"allow":["GET"]}}],"collection":[{"href":"https:\/\/agora.xtec.cat\/insvoltrera\/wp-json\/wp\/v2\/posts"}],"about":[{"href":"https:\/\/agora.xtec.cat\/insvoltrera\/wp-json\/wp\/v2\/types\/post"}],"author":[{"embeddable":true,"href":"https:\/\/agora.xtec.cat\/insvoltrera\/wp-json\/wp\/v2\/users\/3"}],"replies":[{"embeddable":true,"href":"https:\/\/agora.xtec.cat\/insvoltrera\/wp-json\/wp\/v2\/comments?post=4991"}],"version-history":[{"count":2,"href":"https:\/\/agora.xtec.cat\/insvoltrera\/wp-json\/wp\/v2\/posts\/4991\/revisions"}],"predecessor-version":[{"id":4994,"href":"https:\/\/agora.xtec.cat\/insvoltrera\/wp-json\/wp\/v2\/posts\/4991\/revisions\/4994"}],"wp:attachment":[{"href":"https:\/\/agora.xtec.cat\/insvoltrera\/wp-json\/wp\/v2\/media?parent=4991"}],"wp:term":[{"taxonomy":"category","embeddable":true,"href":"https:\/\/agora.xtec.cat\/insvoltrera\/wp-json\/wp\/v2\/categories?post=4991"},{"taxonomy":"post_tag","embeddable":true,"href":"https:\/\/agora.xtec.cat\/insvoltrera\/wp-json\/wp\/v2\/tags?post=4991"}],"curies":[{"name":"wp","href":"https:\/\/api.w.org\/{rel}","templated":true}]}}