{"id":4868,"date":"2026-02-01T01:09:07","date_gmt":"2026-02-01T00:09:07","guid":{"rendered":"https:\/\/agora.xtec.cat\/insvoltrera\/?p=4868"},"modified":"2026-02-01T01:21:29","modified_gmt":"2026-02-01T00:21:29","slug":"sortida-a-la-fageda","status":"publish","type":"post","link":"https:\/\/agora.xtec.cat\/insvoltrera\/batxillerat\/sortida-a-la-fageda\/","title":{"rendered":"Sortida a la Fageda"},"content":{"rendered":"<p style=\"text-align: justify;\"><span style=\"color: #000080;\">El\u00a0passat 22 de gener, els alumnes de\u00a01r de Batxillerat\u00a0van visitar la\u00a0<strong>La Fageda<\/strong>, una cooperativa molt coneguda pel seu <strong>projecte social i empresarial<\/strong>. Durant\u00a0l\u2019excursi\u00f3, van poder con\u00e8ixer el funcionament de la granja, el proc\u00e9s d\u2019elaboraci\u00f3 dels seus productes i els valors que defineixen l\u2019entitat.<\/span><\/p>\n<p style=\"text-align: justify;\"><span style=\"color: #000080;\">La visita va permetre destacar el\u00a0component social\u00a0de La Fageda, que aposta per la<strong> inserci\u00f3 laboral de persones<\/strong> amb discapacitat intel\u00b7lectual o trastorns de salut mental, aix\u00ed com el seu\u00a0comprom\u00eds mediambiental, basat en una producci\u00f3 responsable, el respecte pel medi natural i el benestar animal. <\/span><\/p>\n<p style=\"text-align: justify;\"><span style=\"color: #000080;\"><span style=\"color: #008000;\">Sens dubte, va ser una experi\u00e8ncia molt enriquidora i propera per a l\u2019alumnat.<\/span><\/span><\/p>\n<p>&nbsp;<\/p>\n<p style=\"text-align: justify;\"><a href=\"https:\/\/agora.xtec.cat\/insvoltrera\/wp-content\/uploads\/usu2424\/2026\/02\/Fageda_Sortida-scaled.jpg\"><img loading=\"lazy\" decoding=\"async\" class=\"size-large wp-image-4870 aligncenter\" src=\"https:\/\/agora.xtec.cat\/insvoltrera\/wp-content\/uploads\/usu2424\/2026\/02\/Fageda_Sortida-1024x768.jpg\" alt=\"\" width=\"1024\" height=\"768\" srcset=\"https:\/\/agora.xtec.cat\/insvoltrera\/wp-content\/uploads\/usu2424\/2026\/02\/Fageda_Sortida-1024x768.jpg 1024w, https:\/\/agora.xtec.cat\/insvoltrera\/wp-content\/uploads\/usu2424\/2026\/02\/Fageda_Sortida-300x225.jpg 300w, https:\/\/agora.xtec.cat\/insvoltrera\/wp-content\/uploads\/usu2424\/2026\/02\/Fageda_Sortida-768x576.jpg 768w, https:\/\/agora.xtec.cat\/insvoltrera\/wp-content\/uploads\/usu2424\/2026\/02\/Fageda_Sortida-1536x1152.jpg 1536w, https:\/\/agora.xtec.cat\/insvoltrera\/wp-content\/uploads\/usu2424\/2026\/02\/Fageda_Sortida-2048x1536.jpg 2048w, https:\/\/agora.xtec.cat\/insvoltrera\/wp-content\/uploads\/usu2424\/2026\/02\/Fageda_Sortida-200x150.jpg 200w\" sizes=\"auto, (max-width: 1024px) 100vw, 1024px\" \/><\/a><\/p>\n","protected":false},"excerpt":{"rendered":"<p>El\u00a0passat 22 de gener, els alumnes de\u00a01r de Batxillerat\u00a0van visitar la\u00a0La Fageda, una cooperativa molt coneguda pel seu projecte social i empresarial. Durant\u00a0l\u2019excursi\u00f3, van poder con\u00e8ixer el funcionament de la granja, el proc\u00e9s d\u2019elaboraci\u00f3 dels seus productes i els valors que defineixen l\u2019entitat.<br \/>\nLa visita va&hellip;  <a href=\"https:\/\/agora.xtec.cat\/insvoltrera\/batxillerat\/sortida-a-la-fageda\/\" title=\"Read Sortida a la Fageda\">Llegeix m\u00e9s\u00bb<\/a><\/p>\n","protected":false},"author":3,"featured_media":0,"comment_status":"open","ping_status":"open","sticky":false,"template":"","format":"standard","meta":{"_bbp_topic_count":0,"_bbp_reply_count":0,"_bbp_total_topic_count":0,"_bbp_total_reply_count":0,"_bbp_voice_count":0,"_bbp_anonymous_reply_count":0,"_bbp_topic_count_hidden":0,"_bbp_reply_count_hidden":0,"_bbp_forum_subforum_count":0,"footnotes":""},"categories":[8,112,109,29],"tags":[],"class_list":["post-4868","post","type-post","status-publish","format-standard","hentry","category-batxillerat","category-ed-fisica","category-matematic","category-portada"],"post_mailing_queue_ids":[],"_links":{"self":[{"href":"https:\/\/agora.xtec.cat\/insvoltrera\/wp-json\/wp\/v2\/posts\/4868","targetHints":{"allow":["GET"]}}],"collection":[{"href":"https:\/\/agora.xtec.cat\/insvoltrera\/wp-json\/wp\/v2\/posts"}],"about":[{"href":"https:\/\/agora.xtec.cat\/insvoltrera\/wp-json\/wp\/v2\/types\/post"}],"author":[{"embeddable":true,"href":"https:\/\/agora.xtec.cat\/insvoltrera\/wp-json\/wp\/v2\/users\/3"}],"replies":[{"embeddable":true,"href":"https:\/\/agora.xtec.cat\/insvoltrera\/wp-json\/wp\/v2\/comments?post=4868"}],"version-history":[{"count":5,"href":"https:\/\/agora.xtec.cat\/insvoltrera\/wp-json\/wp\/v2\/posts\/4868\/revisions"}],"predecessor-version":[{"id":4877,"href":"https:\/\/agora.xtec.cat\/insvoltrera\/wp-json\/wp\/v2\/posts\/4868\/revisions\/4877"}],"wp:attachment":[{"href":"https:\/\/agora.xtec.cat\/insvoltrera\/wp-json\/wp\/v2\/media?parent=4868"}],"wp:term":[{"taxonomy":"category","embeddable":true,"href":"https:\/\/agora.xtec.cat\/insvoltrera\/wp-json\/wp\/v2\/categories?post=4868"},{"taxonomy":"post_tag","embeddable":true,"href":"https:\/\/agora.xtec.cat\/insvoltrera\/wp-json\/wp\/v2\/tags?post=4868"}],"curies":[{"name":"wp","href":"https:\/\/api.w.org\/{rel}","templated":true}]}}