{"id":4825,"date":"2025-12-24T17:52:47","date_gmt":"2025-12-24T16:52:47","guid":{"rendered":"https:\/\/agora.xtec.cat\/insvoltrera\/?p=4825"},"modified":"2026-01-08T08:13:22","modified_gmt":"2026-01-08T07:13:22","slug":"la-milla-2025","status":"publish","type":"post","link":"https:\/\/agora.xtec.cat\/insvoltrera\/eso\/la-milla-2025\/","title":{"rendered":"La Milla 2025"},"content":{"rendered":"<p style=\"text-align: justify;\" data-start=\"128\" data-end=\"327\"><span style=\"color: #333399;\">Un any m\u00e9s, l\u2019Institut Voltrera ha celebrat la tradicional <strong>Milla de Nadal<\/strong>, una jornada esportiva i l\u00fadica que ha reunit l\u2019alumnat i el professorat en un ambient de conviv\u00e8ncia, esfor\u00e7 i diversi\u00f3. <\/span><span style=\"color: #333399;\">L\u2019activitat ha perm\u00e8s fomentar h\u00e0bits de vida saludable i l\u2019esperit esportiu.<\/span><\/p>\n<p style=\"text-align: justify;\" data-start=\"494\" data-end=\"949\"><span style=\"color: #333399;\">Des del centre volem agrair especialment la implicaci\u00f3 de <strong>l\u2019alumnat voluntari de Batxillerat<\/strong>, que ha col\u00b7laborat activament en l\u2019organitzaci\u00f3 i el bon desenvolupament de la cursa. Tamb\u00e9 volem expressar el nostre agra\u00efment a <strong>l\u2019Ajuntament<\/strong>, per la cessi\u00f3 dels espais i del material, aix\u00ed com per fer possible la pres\u00e8ncia dels serveis d\u2019emerg\u00e8ncies, que han vetllat en tot moment per la seguretat de l\u2019alumnat i del conjunt de la comunitat educativa.<\/span><\/p>\n<p style=\"text-align: justify;\" data-start=\"951\" data-end=\"1123\"><span style=\"color: #333399;\">Finalment, volem donar les gr\u00e0cies a <strong>l\u2019AFA<\/strong>, que ha ofert l\u2019esmorzar a l\u2019alumnat en finalitzar la cursa, posant el punt final a una jornada festiva.<\/span><\/p>\n<p><iframe loading=\"lazy\" title=\"MILLA 2025\" width=\"500\" height=\"375\" src=\"https:\/\/www.youtube.com\/embed\/_5nLgJMEnp8?feature=oembed\" frameborder=\"0\" allow=\"accelerometer; autoplay; clipboard-write; encrypted-media; gyroscope; picture-in-picture; web-share\" referrerpolicy=\"strict-origin-when-cross-origin\" allowfullscreen><\/iframe><\/p>\n","protected":false},"excerpt":{"rendered":"<p>Un any m\u00e9s, l\u2019Institut Voltrera ha celebrat la tradicional Milla de Nadal, una jornada esportiva i l\u00fadica que ha reunit l\u2019alumnat i el professorat en un ambient de conviv\u00e8ncia, esfor\u00e7 i diversi\u00f3. L\u2019activitat ha perm\u00e8s fomentar h\u00e0bits de vida saludable i l\u2019esperit esportiu.<br \/>\nDes del centre&hellip;  <a href=\"https:\/\/agora.xtec.cat\/insvoltrera\/eso\/la-milla-2025\/\" title=\"Read La Milla 2025\">Llegeix m\u00e9s\u00bb<\/a><\/p>\n","protected":false},"author":3,"featured_media":4826,"comment_status":"open","ping_status":"open","sticky":false,"template":"","format":"standard","meta":{"_bbp_topic_count":0,"_bbp_reply_count":0,"_bbp_total_topic_count":0,"_bbp_total_reply_count":0,"_bbp_voice_count":0,"_bbp_anonymous_reply_count":0,"_bbp_topic_count_hidden":0,"_bbp_reply_count_hidden":0,"_bbp_forum_subforum_count":0,"footnotes":""},"categories":[8,125,112,3,29],"tags":[],"class_list":["post-4825","post","type-post","status-publish","format-standard","has-post-thumbnail","hentry","category-batxillerat","category-nadal","category-ed-fisica","category-eso","category-portada"],"post_mailing_queue_ids":[],"_links":{"self":[{"href":"https:\/\/agora.xtec.cat\/insvoltrera\/wp-json\/wp\/v2\/posts\/4825","targetHints":{"allow":["GET"]}}],"collection":[{"href":"https:\/\/agora.xtec.cat\/insvoltrera\/wp-json\/wp\/v2\/posts"}],"about":[{"href":"https:\/\/agora.xtec.cat\/insvoltrera\/wp-json\/wp\/v2\/types\/post"}],"author":[{"embeddable":true,"href":"https:\/\/agora.xtec.cat\/insvoltrera\/wp-json\/wp\/v2\/users\/3"}],"replies":[{"embeddable":true,"href":"https:\/\/agora.xtec.cat\/insvoltrera\/wp-json\/wp\/v2\/comments?post=4825"}],"version-history":[{"count":4,"href":"https:\/\/agora.xtec.cat\/insvoltrera\/wp-json\/wp\/v2\/posts\/4825\/revisions"}],"predecessor-version":[{"id":4834,"href":"https:\/\/agora.xtec.cat\/insvoltrera\/wp-json\/wp\/v2\/posts\/4825\/revisions\/4834"}],"wp:featuredmedia":[{"embeddable":true,"href":"https:\/\/agora.xtec.cat\/insvoltrera\/wp-json\/wp\/v2\/media\/4826"}],"wp:attachment":[{"href":"https:\/\/agora.xtec.cat\/insvoltrera\/wp-json\/wp\/v2\/media?parent=4825"}],"wp:term":[{"taxonomy":"category","embeddable":true,"href":"https:\/\/agora.xtec.cat\/insvoltrera\/wp-json\/wp\/v2\/categories?post=4825"},{"taxonomy":"post_tag","embeddable":true,"href":"https:\/\/agora.xtec.cat\/insvoltrera\/wp-json\/wp\/v2\/tags?post=4825"}],"curies":[{"name":"wp","href":"https:\/\/api.w.org\/{rel}","templated":true}]}}