{"id":4673,"date":"2025-10-18T22:37:27","date_gmt":"2025-10-18T20:37:27","guid":{"rendered":"https:\/\/agora.xtec.cat\/insvoltrera\/?p=4673"},"modified":"2025-10-18T22:38:31","modified_gmt":"2025-10-18T20:38:31","slug":"cineclub","status":"publish","type":"post","link":"https:\/\/agora.xtec.cat\/insvoltrera\/eso\/cineclub\/","title":{"rendered":"CineClub"},"content":{"rendered":"<p style=\"text-align: justify;\"><span style=\"color: #000080;\">El passat dia 10 d\u2019octubre es va presentar una nova entitat cultural a Abrera. El <strong>CineClub d\u2019Abrera Maruja Torres<\/strong> va iniciar la seva hist\u00f2ria amb aquest acte de presentaci\u00f3 a l\u2019Auditori de la sala Polivalent amb la pres\u00e8ncia de l\u2019autora barcelonina.<\/span><\/p>\n<p style=\"text-align: justify;\"><span style=\"color: #000080;\">L\u2019activitat va tenir \u00e8xit convocant m\u00e9s de 100 persones que van escoltar amb molt d\u2019inter\u00e8s la conversa que va tenir a d\u2019alt de l\u2019escenari la <strong>Maruja Torres<\/strong> amb els membres del CineClub, gaireb\u00e9 tots ells <strong>professors de l\u2019institut Voltrera d\u2019Abrera<\/strong>, ara o en el passat.<\/span><\/p>\n<p style=\"text-align: justify;\"><span style=\"color: #000080;\">A l\u2019acte van assistir tamb\u00e9 diferents regidories, aix\u00ed com l\u2019alcalde del municipi. L\u2019acte, amb m\u00fasica en directe a c\u00e0rrec d\u2019un altre professor del centre, va ser la cloenda a una jornada cultural on es va visitar part del patrimoni de la vila.<\/span><\/p>\n<p style=\"text-align: justify;\"><span style=\"color: #000080;\">Aprofitem aquests par\u00e0grafs per engrescar-vos a participar a les projeccions que s\u2019aniran anunciant de CineClub Maruja Torres.<\/span><\/p>\n<p style=\"text-align: justify;\"><em><span style=\"color: #008080;\">\u00c9s una satisfacci\u00f3 per a l&#8217;institut comptar amb la participaci\u00f3 del Manel Benito, del Rafa Haro i del Pablo C\u00f3cera en la formaci\u00f3 de la nova entitat cultural CineClub d&#8217;Abrera Maruja Torres.<\/span><\/em><\/p>\n<p><img loading=\"lazy\" decoding=\"async\" class=\"aligncenter\" src=\"https:\/\/www.ajuntamentabrera.cat\/media\/site1\/cache\/images\/lres-maruja-torres-101025-0007.jpg\" width=\"674\" height=\"450\" \/><\/p>\n","protected":false},"excerpt":{"rendered":"<p>El passat dia 10 d\u2019octubre es va presentar una nova entitat cultural a Abrera. El CineClub d\u2019Abrera Maruja Torres va iniciar la seva hist\u00f2ria amb aquest acte de presentaci\u00f3 a l\u2019Auditori de la sala Polivalent amb la pres\u00e8ncia de l\u2019autora barcelonina.<br \/>\nL\u2019activitat va tenir \u00e8xit convocant&hellip;  <a href=\"https:\/\/agora.xtec.cat\/insvoltrera\/eso\/cineclub\/\" title=\"Read CineClub\">Llegeix m\u00e9s\u00bb<\/a><\/p>\n","protected":false},"author":3,"featured_media":0,"comment_status":"open","ping_status":"open","sticky":false,"template":"","format":"standard","meta":{"_bbp_topic_count":0,"_bbp_reply_count":0,"_bbp_total_topic_count":0,"_bbp_total_reply_count":0,"_bbp_voice_count":0,"_bbp_anonymous_reply_count":0,"_bbp_topic_count_hidden":0,"_bbp_reply_count_hidden":0,"_bbp_forum_subforum_count":0,"footnotes":""},"categories":[8,110,3,29,114],"tags":[],"class_list":["post-4673","post","type-post","status-publish","format-standard","hentry","category-batxillerat","category-ciencies-socials","category-eso","category-portada","category-visual"],"post_mailing_queue_ids":[],"_links":{"self":[{"href":"https:\/\/agora.xtec.cat\/insvoltrera\/wp-json\/wp\/v2\/posts\/4673","targetHints":{"allow":["GET"]}}],"collection":[{"href":"https:\/\/agora.xtec.cat\/insvoltrera\/wp-json\/wp\/v2\/posts"}],"about":[{"href":"https:\/\/agora.xtec.cat\/insvoltrera\/wp-json\/wp\/v2\/types\/post"}],"author":[{"embeddable":true,"href":"https:\/\/agora.xtec.cat\/insvoltrera\/wp-json\/wp\/v2\/users\/3"}],"replies":[{"embeddable":true,"href":"https:\/\/agora.xtec.cat\/insvoltrera\/wp-json\/wp\/v2\/comments?post=4673"}],"version-history":[{"count":3,"href":"https:\/\/agora.xtec.cat\/insvoltrera\/wp-json\/wp\/v2\/posts\/4673\/revisions"}],"predecessor-version":[{"id":4677,"href":"https:\/\/agora.xtec.cat\/insvoltrera\/wp-json\/wp\/v2\/posts\/4673\/revisions\/4677"}],"wp:attachment":[{"href":"https:\/\/agora.xtec.cat\/insvoltrera\/wp-json\/wp\/v2\/media?parent=4673"}],"wp:term":[{"taxonomy":"category","embeddable":true,"href":"https:\/\/agora.xtec.cat\/insvoltrera\/wp-json\/wp\/v2\/categories?post=4673"},{"taxonomy":"post_tag","embeddable":true,"href":"https:\/\/agora.xtec.cat\/insvoltrera\/wp-json\/wp\/v2\/tags?post=4673"}],"curies":[{"name":"wp","href":"https:\/\/api.w.org\/{rel}","templated":true}]}}