{"id":4668,"date":"2025-10-15T23:01:27","date_gmt":"2025-10-15T21:01:27","guid":{"rendered":"https:\/\/agora.xtec.cat\/insvoltrera\/?p=4668"},"modified":"2025-10-18T22:37:52","modified_gmt":"2025-10-18T20:37:52","slug":"inici-de-la-setmana-codeweek","status":"publish","type":"post","link":"https:\/\/agora.xtec.cat\/insvoltrera\/eso\/inici-de-la-setmana-codeweek\/","title":{"rendered":"Inici de la setmana: CodeWeek"},"content":{"rendered":"<p>&nbsp;<\/p>\n<p style=\"text-align: justify;\"><span style=\"color: #000080;\"><strong>CodeWeek<\/strong> \u00e9s una iniciativa europea que celebra la creativitat, la resoluci\u00f3 de problemes i la col\u00b7laboraci\u00f3 <strong>a trav\u00e9s de la programaci\u00f3 i d&#8217;altres activitats tecnol\u00f2giques<\/strong>. La idea \u00e9s fer m\u00e9s visible la programaci\u00f3, mostrar a joves, adults i grans com es d\u00f3na vida a les idees amb codi, desmitificar aquestes habilitats i reunir persones motivades per aprendre.<\/span><\/p>\n<p>&nbsp;<\/p>\n<p style=\"text-align: justify;\"><span style=\"color: #000080;\">Des del <strong>Voltrera<\/strong> fomentem la participaci\u00f3 femenina en el concursos de programaci\u00f3 previstos per la setmana de la CodeWeek.<\/span><\/p>\n<p>&nbsp;<\/p>\n<p><span style=\"color: #ff6600;\"><strong>We want girls to code!<\/strong><\/span><\/p>\n<p><iframe loading=\"lazy\" title=\"CodeWeek 2025\" width=\"500\" height=\"281\" src=\"https:\/\/www.youtube.com\/embed\/JFYepnuaQVc?feature=oembed\" frameborder=\"0\" allow=\"accelerometer; autoplay; clipboard-write; encrypted-media; gyroscope; picture-in-picture; web-share\" referrerpolicy=\"strict-origin-when-cross-origin\" allowfullscreen><\/iframe><\/p>\n","protected":false},"excerpt":{"rendered":"<p>&nbsp;<br \/>\nCodeWeek \u00e9s una iniciativa europea que celebra la creativitat, la resoluci\u00f3 de problemes i la col\u00b7laboraci\u00f3 a trav\u00e9s de la programaci\u00f3 i d&#8217;altres activitats tecnol\u00f2giques. La idea \u00e9s fer m\u00e9s visible la programaci\u00f3, mostrar a joves, adults i grans com es d\u00f3na vida a les&hellip;  <a href=\"https:\/\/agora.xtec.cat\/insvoltrera\/eso\/inici-de-la-setmana-codeweek\/\" title=\"Read Inici de la setmana: CodeWeek\">Llegeix m\u00e9s\u00bb<\/a><\/p>\n","protected":false},"author":3,"featured_media":4669,"comment_status":"open","ping_status":"open","sticky":false,"template":"","format":"standard","meta":{"_bbp_topic_count":0,"_bbp_reply_count":0,"_bbp_total_topic_count":0,"_bbp_total_reply_count":0,"_bbp_voice_count":0,"_bbp_anonymous_reply_count":0,"_bbp_topic_count_hidden":0,"_bbp_reply_count_hidden":0,"_bbp_forum_subforum_count":0,"footnotes":""},"categories":[8,3,29,111],"tags":[],"class_list":["post-4668","post","type-post","status-publish","format-standard","has-post-thumbnail","hentry","category-batxillerat","category-eso","category-portada","category-tecnologic"],"post_mailing_queue_ids":[],"_links":{"self":[{"href":"https:\/\/agora.xtec.cat\/insvoltrera\/wp-json\/wp\/v2\/posts\/4668","targetHints":{"allow":["GET"]}}],"collection":[{"href":"https:\/\/agora.xtec.cat\/insvoltrera\/wp-json\/wp\/v2\/posts"}],"about":[{"href":"https:\/\/agora.xtec.cat\/insvoltrera\/wp-json\/wp\/v2\/types\/post"}],"author":[{"embeddable":true,"href":"https:\/\/agora.xtec.cat\/insvoltrera\/wp-json\/wp\/v2\/users\/3"}],"replies":[{"embeddable":true,"href":"https:\/\/agora.xtec.cat\/insvoltrera\/wp-json\/wp\/v2\/comments?post=4668"}],"version-history":[{"count":3,"href":"https:\/\/agora.xtec.cat\/insvoltrera\/wp-json\/wp\/v2\/posts\/4668\/revisions"}],"predecessor-version":[{"id":4675,"href":"https:\/\/agora.xtec.cat\/insvoltrera\/wp-json\/wp\/v2\/posts\/4668\/revisions\/4675"}],"wp:featuredmedia":[{"embeddable":true,"href":"https:\/\/agora.xtec.cat\/insvoltrera\/wp-json\/wp\/v2\/media\/4669"}],"wp:attachment":[{"href":"https:\/\/agora.xtec.cat\/insvoltrera\/wp-json\/wp\/v2\/media?parent=4668"}],"wp:term":[{"taxonomy":"category","embeddable":true,"href":"https:\/\/agora.xtec.cat\/insvoltrera\/wp-json\/wp\/v2\/categories?post=4668"},{"taxonomy":"post_tag","embeddable":true,"href":"https:\/\/agora.xtec.cat\/insvoltrera\/wp-json\/wp\/v2\/tags?post=4668"}],"curies":[{"name":"wp","href":"https:\/\/api.w.org\/{rel}","templated":true}]}}