{"id":4629,"date":"2025-09-10T10:11:24","date_gmt":"2025-09-10T08:11:24","guid":{"rendered":"https:\/\/agora.xtec.cat\/insvoltrera\/?p=4629"},"modified":"2025-10-28T10:33:26","modified_gmt":"2025-10-28T09:33:26","slug":"convalidacions","status":"publish","type":"post","link":"https:\/\/agora.xtec.cat\/insvoltrera\/general\/convalidacions\/","title":{"rendered":"Convalidacions"},"content":{"rendered":"<p><strong>ESTUDIS DE M\u00daSICA<\/strong><\/p>\n<p style=\"padding-left: 40px;\"><a href=\"https:\/\/agora.xtec.cat\/insvoltrera\/wp-content\/uploads\/usu2424\/2025\/09\/Simultaneitat_musica_2526.pdf\"><strong>Instruccions i normativa<\/strong><\/a><\/p>\n<p style=\"padding-left: 40px;\"><a href=\"https:\/\/agora.xtec.cat\/insvoltrera\/wp-content\/uploads\/usu2424\/2025\/09\/solicitud_conv_mus.pdf\"><strong>Sol\u00b7licitud<\/strong><\/a><\/p>\n<p style=\"padding-left: 80px;\"><a href=\"https:\/\/agora.xtec.cat\/insvoltrera\/wp-content\/uploads\/usu2424\/2025\/09\/CMU1.pdf\"><strong>Certificat de conservatori o centre professional<\/strong><\/a><\/p>\n<p style=\"padding-left: 80px;\"><a href=\"https:\/\/agora.xtec.cat\/insvoltrera\/wp-content\/uploads\/usu2424\/2025\/09\/CMU2.pdf\"><strong>Certificat d&#8217;Escola de M\u00fasica<\/strong><\/a><\/p>\n<p><strong>MAT\u00c8RIA D&#8217;EDUCACI\u00d3 F\u00cdSICA<\/strong><\/p>\n<p style=\"text-align: justify;\">Els i les alumnes amb dedicaci\u00f3 significativa a l&#8217;esport avalada pel Consell Catal\u00e0 de l&#8217;Esport matriculats en centres que no siguin centres educatius d&#8217;especial atenci\u00f3 a la pr\u00e0ctica esportiva<strong>, poden sol\u00b7licitar al director o directora del centre educatiu, en el primer trimestre del curs, que els reconeguin la mat\u00e8ria d&#8217;Educaci\u00f3 F\u00edsica<\/strong>.<\/p>\n<p style=\"text-align: justify;\">Per sol\u00b7licitar-ho, cal adjuntar a <strong>la sol\u00b7licitud<\/strong>, que ha d&#8217;estar signada pel pare, mare o tutor o tutora legal de l&#8217;alumne o alumna, <strong>el certificat del Consell Catal\u00e0 de l&#8217;Esport<\/strong> (av. dels Pa\u00efsos Catalans, 12, 08950, Esplugues de Llobregat). Els i les alumnes poden obtenir aquest certificat quan siguin esportistes que figuren en el programa de tecnificaci\u00f3 (ARC) de la federaci\u00f3 catalana corresponent.<\/p>\n<p style=\"padding-left: 40px; text-align: center;\"><a href=\"https:\/\/agora.xtec.cat\/insvoltrera\/wp-content\/uploads\/usu2424\/2025\/09\/Sollicitud-dEF.pdf\"><strong><span style=\"color: #ff00ff;\">Sol\u00b7licitud<\/span><\/strong><\/a><\/p>\n","protected":false},"excerpt":{"rendered":"<p>ESTUDIS DE M\u00daSICA<br \/>\n<a href=\"https:\/\/agora.xtec.cat\/insvoltrera\/wp-content\/uploads\/usu2424\/2025\/09\/Simultaneitat_musica_2526.pdf\">Instruccions i normativa<\/a><br \/>\n<a href=\"https:\/\/agora.xtec.cat\/insvoltrera\/wp-content\/uploads\/usu2424\/2025\/09\/solicitud_conv_mus.pdf\">Sol\u00b7licitud<\/a><br \/>\n<a href=\"https:\/\/agora.xtec.cat\/insvoltrera\/wp-content\/uploads\/usu2424\/2025\/09\/CMU1.pdf\">Certificat de conservatori o centre professional<\/a><br \/>\n<a href=\"https:\/\/agora.xtec.cat\/insvoltrera\/wp-content\/uploads\/usu2424\/2025\/09\/CMU2.pdf\">Certificat d&#8217;Escola de M\u00fasica<\/a><br \/>\nMAT\u00c8RIA D&#8217;EDUCACI\u00d3 F\u00cdSICA<br \/>\nEls i les alumnes amb dedicaci\u00f3 significativa a l&#8217;esport avalada pel Consell Catal\u00e0 de l&#8217;Esport matriculats en centres que no siguin centres educatius d&#8217;especial atenci\u00f3 a la&hellip;  <a href=\"https:\/\/agora.xtec.cat\/insvoltrera\/general\/convalidacions\/\" title=\"Read Convalidacions\">Llegeix m\u00e9s\u00bb<\/a><\/p>\n","protected":false},"author":5,"featured_media":0,"comment_status":"closed","ping_status":"closed","sticky":false,"template":"","format":"standard","meta":{"_bbp_topic_count":0,"_bbp_reply_count":0,"_bbp_total_topic_count":0,"_bbp_total_reply_count":0,"_bbp_voice_count":0,"_bbp_anonymous_reply_count":0,"_bbp_topic_count_hidden":0,"_bbp_reply_count_hidden":0,"_bbp_forum_subforum_count":0,"footnotes":""},"categories":[1],"tags":[],"class_list":["post-4629","post","type-post","status-publish","format-standard","hentry","category-general"],"post_mailing_queue_ids":[],"_links":{"self":[{"href":"https:\/\/agora.xtec.cat\/insvoltrera\/wp-json\/wp\/v2\/posts\/4629","targetHints":{"allow":["GET"]}}],"collection":[{"href":"https:\/\/agora.xtec.cat\/insvoltrera\/wp-json\/wp\/v2\/posts"}],"about":[{"href":"https:\/\/agora.xtec.cat\/insvoltrera\/wp-json\/wp\/v2\/types\/post"}],"author":[{"embeddable":true,"href":"https:\/\/agora.xtec.cat\/insvoltrera\/wp-json\/wp\/v2\/users\/5"}],"replies":[{"embeddable":true,"href":"https:\/\/agora.xtec.cat\/insvoltrera\/wp-json\/wp\/v2\/comments?post=4629"}],"version-history":[{"count":7,"href":"https:\/\/agora.xtec.cat\/insvoltrera\/wp-json\/wp\/v2\/posts\/4629\/revisions"}],"predecessor-version":[{"id":4683,"href":"https:\/\/agora.xtec.cat\/insvoltrera\/wp-json\/wp\/v2\/posts\/4629\/revisions\/4683"}],"wp:attachment":[{"href":"https:\/\/agora.xtec.cat\/insvoltrera\/wp-json\/wp\/v2\/media?parent=4629"}],"wp:term":[{"taxonomy":"category","embeddable":true,"href":"https:\/\/agora.xtec.cat\/insvoltrera\/wp-json\/wp\/v2\/categories?post=4629"},{"taxonomy":"post_tag","embeddable":true,"href":"https:\/\/agora.xtec.cat\/insvoltrera\/wp-json\/wp\/v2\/tags?post=4629"}],"curies":[{"name":"wp","href":"https:\/\/api.w.org\/{rel}","templated":true}]}}