{"id":4444,"date":"2025-05-27T21:05:24","date_gmt":"2025-05-27T19:05:24","guid":{"rendered":"https:\/\/agora.xtec.cat\/insvoltrera\/?p=4444"},"modified":"2025-05-27T22:11:50","modified_gmt":"2025-05-27T20:11:50","slug":"1r-eso-jornada-de-robotica-robots-en-accio","status":"publish","type":"post","link":"https:\/\/agora.xtec.cat\/insvoltrera\/eso\/1r-eso-jornada-de-robotica-robots-en-accio\/","title":{"rendered":"1r ESO: Jornada de rob\u00f2tica. Robots en Acci\u00f3"},"content":{"rendered":"<p style=\"text-align: justify;\"><span style=\"color: #000080;\">El passat 24 de maig s&#8217;ha dut a terme la <a style=\"color: #000080;\" href=\"https:\/\/projectes.xtec.cat\/pensament-computacional\/formacio-robotica\/jornades\/xvii-jornada-de-programacio-i-robotica-educatives\/\">Jornada de Programaci\u00f3 i Rob\u00f2tica Educatives<\/a> al <a style=\"color: #000080;\" href=\"https:\/\/www.citilab.eu\/\">Citilab<\/a> de Cornell\u00e0 del Llobregat. L&#8217;objectiu d&#8217;aquesta jornada \u00e9s reunir docents i alumnat per <strong>seguir impulsant disciplines com la rob\u00f2tica\u00a0 i seguir promovent el desenvolupament del pensament computacional a les escoles catalanes.<\/strong><\/span><\/p>\n<p style=\"text-align: justify;\"><span style=\"color: #000080;\">Felicitar a les alumnes de 1rESO que han estat finalistes a la participaci\u00f3 del concurs i han pogut gaudir de la jornada en companyia de la seva tutora, la Judith Dugo.<\/span><\/p>\n<p><a href=\"https:\/\/agora.xtec.cat\/insvoltrera\/wp-content\/uploads\/usu2424\/2025\/05\/IMG-20250524-WA0002.jpg\"><img loading=\"lazy\" decoding=\"async\" class=\"alignnone size-large wp-image-4445\" src=\"https:\/\/agora.xtec.cat\/insvoltrera\/wp-content\/uploads\/usu2424\/2025\/05\/IMG-20250524-WA0002-1024x768.jpg\" alt=\"\" width=\"1024\" height=\"768\" srcset=\"https:\/\/agora.xtec.cat\/insvoltrera\/wp-content\/uploads\/usu2424\/2025\/05\/IMG-20250524-WA0002-1024x768.jpg 1024w, https:\/\/agora.xtec.cat\/insvoltrera\/wp-content\/uploads\/usu2424\/2025\/05\/IMG-20250524-WA0002-300x225.jpg 300w, https:\/\/agora.xtec.cat\/insvoltrera\/wp-content\/uploads\/usu2424\/2025\/05\/IMG-20250524-WA0002-768x576.jpg 768w, https:\/\/agora.xtec.cat\/insvoltrera\/wp-content\/uploads\/usu2424\/2025\/05\/IMG-20250524-WA0002-1536x1152.jpg 1536w, https:\/\/agora.xtec.cat\/insvoltrera\/wp-content\/uploads\/usu2424\/2025\/05\/IMG-20250524-WA0002-200x150.jpg 200w, https:\/\/agora.xtec.cat\/insvoltrera\/wp-content\/uploads\/usu2424\/2025\/05\/IMG-20250524-WA0002.jpg 1600w\" sizes=\"auto, (max-width: 1024px) 100vw, 1024px\" \/><\/a><\/p>\n<p><a href=\"https:\/\/agora.xtec.cat\/insvoltrera\/wp-content\/uploads\/usu2424\/2025\/04\/photo_2025-04-23_08-20-59.jpg\"><img loading=\"lazy\" decoding=\"async\" class=\"wp-image-4320 aligncenter\" src=\"https:\/\/agora.xtec.cat\/insvoltrera\/wp-content\/uploads\/usu2424\/2025\/04\/photo_2025-04-23_08-20-59.jpg\" alt=\"\" width=\"608\" height=\"255\" srcset=\"https:\/\/agora.xtec.cat\/insvoltrera\/wp-content\/uploads\/usu2424\/2025\/04\/photo_2025-04-23_08-20-59.jpg 813w, https:\/\/agora.xtec.cat\/insvoltrera\/wp-content\/uploads\/usu2424\/2025\/04\/photo_2025-04-23_08-20-59-300x126.jpg 300w, https:\/\/agora.xtec.cat\/insvoltrera\/wp-content\/uploads\/usu2424\/2025\/04\/photo_2025-04-23_08-20-59-768x322.jpg 768w\" sizes=\"auto, (max-width: 608px) 100vw, 608px\" \/><\/a><\/p>\n","protected":false},"excerpt":{"rendered":"<p>El passat 24 de maig s&#8217;ha dut a terme la <a style=\"color: #000080;\" href=\"https:\/\/projectes.xtec.cat\/pensament-computacional\/formacio-robotica\/jornades\/xvii-jornada-de-programacio-i-robotica-educatives\/\">Jornada de Programaci\u00f3 i Rob\u00f2tica Educatives<\/a> al <a style=\"color: #000080;\" href=\"https:\/\/www.citilab.eu\/\">Citilab<\/a> de Cornell\u00e0 del Llobregat. L&#8217;objectiu d&#8217;aquesta jornada \u00e9s reunir docents i alumnat per seguir impulsant disciplines com la rob\u00f2tica\u00a0 i seguir&hellip;  <a href=\"https:\/\/agora.xtec.cat\/insvoltrera\/eso\/1r-eso-jornada-de-robotica-robots-en-accio\/\" title=\"Read 1r ESO: Jornada de rob\u00f2tica. Robots en Acci\u00f3\">Llegeix m\u00e9s\u00bb<\/a><\/p>\n","protected":false},"author":3,"featured_media":0,"comment_status":"open","ping_status":"closed","sticky":false,"template":"","format":"standard","meta":{"_bbp_topic_count":0,"_bbp_reply_count":0,"_bbp_total_topic_count":0,"_bbp_total_reply_count":0,"_bbp_voice_count":0,"_bbp_anonymous_reply_count":0,"_bbp_topic_count_hidden":0,"_bbp_reply_count_hidden":0,"_bbp_forum_subforum_count":0,"footnotes":""},"categories":[3,29,111],"tags":[],"class_list":["post-4444","post","type-post","status-publish","format-standard","hentry","category-eso","category-portada","category-tecnologic"],"post_mailing_queue_ids":[],"_links":{"self":[{"href":"https:\/\/agora.xtec.cat\/insvoltrera\/wp-json\/wp\/v2\/posts\/4444","targetHints":{"allow":["GET"]}}],"collection":[{"href":"https:\/\/agora.xtec.cat\/insvoltrera\/wp-json\/wp\/v2\/posts"}],"about":[{"href":"https:\/\/agora.xtec.cat\/insvoltrera\/wp-json\/wp\/v2\/types\/post"}],"author":[{"embeddable":true,"href":"https:\/\/agora.xtec.cat\/insvoltrera\/wp-json\/wp\/v2\/users\/3"}],"replies":[{"embeddable":true,"href":"https:\/\/agora.xtec.cat\/insvoltrera\/wp-json\/wp\/v2\/comments?post=4444"}],"version-history":[{"count":2,"href":"https:\/\/agora.xtec.cat\/insvoltrera\/wp-json\/wp\/v2\/posts\/4444\/revisions"}],"predecessor-version":[{"id":4447,"href":"https:\/\/agora.xtec.cat\/insvoltrera\/wp-json\/wp\/v2\/posts\/4444\/revisions\/4447"}],"wp:attachment":[{"href":"https:\/\/agora.xtec.cat\/insvoltrera\/wp-json\/wp\/v2\/media?parent=4444"}],"wp:term":[{"taxonomy":"category","embeddable":true,"href":"https:\/\/agora.xtec.cat\/insvoltrera\/wp-json\/wp\/v2\/categories?post=4444"},{"taxonomy":"post_tag","embeddable":true,"href":"https:\/\/agora.xtec.cat\/insvoltrera\/wp-json\/wp\/v2\/tags?post=4444"}],"curies":[{"name":"wp","href":"https:\/\/api.w.org\/{rel}","templated":true}]}}