{"id":4291,"date":"2025-04-13T20:57:44","date_gmt":"2025-04-13T18:57:44","guid":{"rendered":"https:\/\/agora.xtec.cat\/insvoltrera\/?p=4291"},"modified":"2025-04-21T10:24:12","modified_gmt":"2025-04-21T08:24:12","slug":"intercanvi-berlin-fins-aviat","status":"publish","type":"post","link":"https:\/\/agora.xtec.cat\/insvoltrera\/eso\/intercanvi-berlin-fins-aviat\/","title":{"rendered":"Intercanvi Berlin: Fins aviat"},"content":{"rendered":"<p style=\"text-align: justify;\"><span style=\"color: #000080;\">Dimecres l&#8217;alumnat de l&#8217;optativa d&#8217;alemany conjuntament amb els estudiants berlinesos van poder gaudir d&#8217;una jornada a Abrera participant en classes a l&#8217;institut i fent una ruta pel patrimoni cultural del nostre municipi.<\/span><br \/>\n<span style=\"color: #000080;\">Agrair les explicacions de la Teresa Morral que molt amablement ens va obrir les portes de l&#8217;esgl\u00e9sia rom\u00e0nica de Sant Pere i ens va fer cinc c\u00e8ntims de la seva hist\u00f2ria.<\/span><br \/>\n<span style=\"color: #000080;\">Dijous 10 d&#8217;abril l&#8217;alumnat de Berl\u00edn torna a la seva ciutat amb una motxilla plena d&#8217;experi\u00e8ncies. <\/span><span style=\"color: #000080;\">En 4 setmanes tornaran a retrobar-se amb les seves parelles d&#8217;intercanvi a Berl\u00edn.<\/span><\/p>\n<p><strong><span style=\"color: #ff6600;\">Fina aviat!<\/span><\/strong><\/p>\n<p><a href=\"https:\/\/agora.xtec.cat\/insvoltrera\/wp-content\/uploads\/usu2424\/2025\/04\/IMG_20250409_103304452-scaled.jpg\"><img loading=\"lazy\" decoding=\"async\" class=\"alignnone size-large wp-image-4292\" src=\"https:\/\/agora.xtec.cat\/insvoltrera\/wp-content\/uploads\/usu2424\/2025\/04\/IMG_20250409_103304452-1024x576.jpg\" alt=\"\" width=\"1024\" height=\"576\" srcset=\"https:\/\/agora.xtec.cat\/insvoltrera\/wp-content\/uploads\/usu2424\/2025\/04\/IMG_20250409_103304452-1024x576.jpg 1024w, https:\/\/agora.xtec.cat\/insvoltrera\/wp-content\/uploads\/usu2424\/2025\/04\/IMG_20250409_103304452-300x169.jpg 300w, https:\/\/agora.xtec.cat\/insvoltrera\/wp-content\/uploads\/usu2424\/2025\/04\/IMG_20250409_103304452-768x432.jpg 768w, https:\/\/agora.xtec.cat\/insvoltrera\/wp-content\/uploads\/usu2424\/2025\/04\/IMG_20250409_103304452-1536x864.jpg 1536w, https:\/\/agora.xtec.cat\/insvoltrera\/wp-content\/uploads\/usu2424\/2025\/04\/IMG_20250409_103304452-2048x1152.jpg 2048w\" sizes=\"auto, (max-width: 1024px) 100vw, 1024px\" \/><\/a><\/p>\n","protected":false},"excerpt":{"rendered":"<p>Dimecres l&#8217;alumnat de l&#8217;optativa d&#8217;alemany conjuntament amb els estudiants berlinesos van poder gaudir d&#8217;una jornada a Abrera participant en classes a l&#8217;institut i fent una ruta pel patrimoni cultural del nostre municipi.<br \/>\nAgrair les explicacions de la Teresa Morral que molt amablement ens va obrir les&hellip;  <a href=\"https:\/\/agora.xtec.cat\/insvoltrera\/eso\/intercanvi-berlin-fins-aviat\/\" title=\"Read Intercanvi Berlin: Fins aviat\">Llegeix m\u00e9s\u00bb<\/a><\/p>\n","protected":false},"author":3,"featured_media":0,"comment_status":"open","ping_status":"closed","sticky":false,"template":"","format":"standard","meta":{"_bbp_topic_count":0,"_bbp_reply_count":0,"_bbp_total_topic_count":0,"_bbp_total_reply_count":0,"_bbp_voice_count":0,"_bbp_anonymous_reply_count":0,"_bbp_topic_count_hidden":0,"_bbp_reply_count_hidden":0,"_bbp_forum_subforum_count":0,"footnotes":""},"categories":[3,119,29],"tags":[],"class_list":["post-4291","post","type-post","status-publish","format-standard","hentry","category-eso","category-intercanviberlin","category-portada"],"post_mailing_queue_ids":[],"_links":{"self":[{"href":"https:\/\/agora.xtec.cat\/insvoltrera\/wp-json\/wp\/v2\/posts\/4291","targetHints":{"allow":["GET"]}}],"collection":[{"href":"https:\/\/agora.xtec.cat\/insvoltrera\/wp-json\/wp\/v2\/posts"}],"about":[{"href":"https:\/\/agora.xtec.cat\/insvoltrera\/wp-json\/wp\/v2\/types\/post"}],"author":[{"embeddable":true,"href":"https:\/\/agora.xtec.cat\/insvoltrera\/wp-json\/wp\/v2\/users\/3"}],"replies":[{"embeddable":true,"href":"https:\/\/agora.xtec.cat\/insvoltrera\/wp-json\/wp\/v2\/comments?post=4291"}],"version-history":[{"count":4,"href":"https:\/\/agora.xtec.cat\/insvoltrera\/wp-json\/wp\/v2\/posts\/4291\/revisions"}],"predecessor-version":[{"id":4296,"href":"https:\/\/agora.xtec.cat\/insvoltrera\/wp-json\/wp\/v2\/posts\/4291\/revisions\/4296"}],"wp:attachment":[{"href":"https:\/\/agora.xtec.cat\/insvoltrera\/wp-json\/wp\/v2\/media?parent=4291"}],"wp:term":[{"taxonomy":"category","embeddable":true,"href":"https:\/\/agora.xtec.cat\/insvoltrera\/wp-json\/wp\/v2\/categories?post=4291"},{"taxonomy":"post_tag","embeddable":true,"href":"https:\/\/agora.xtec.cat\/insvoltrera\/wp-json\/wp\/v2\/tags?post=4291"}],"curies":[{"name":"wp","href":"https:\/\/api.w.org\/{rel}","templated":true}]}}