{"id":3595,"date":"2024-04-22T16:52:35","date_gmt":"2024-04-22T14:52:35","guid":{"rendered":"https:\/\/agora.xtec.cat\/insvoltrera\/?p=3595"},"modified":"2024-04-22T16:54:29","modified_gmt":"2024-04-22T14:54:29","slug":"22-dabril-dia-de-la-terra","status":"publish","type":"post","link":"https:\/\/agora.xtec.cat\/insvoltrera\/eso\/22-dabril-dia-de-la-terra\/","title":{"rendered":"22 d&#8217;abril, Dia de la Terra!\u00a0"},"content":{"rendered":"<p style=\"text-align: justify;\"><span style=\"color: #000080;\">En commemoraci\u00f3 al 22 d&#8217;abril, Dia de la Terra, les alumnes de 4t F, Ana\u00efs Romero, Kexin Teng i Naiara S\u00e1nchez ens parlen dels problemes que pateix el mar i la vida submarina, els efectes que t\u00e9 l&#8217;activitat humana i qu\u00e8 podem fer entre tots per solucionar-ho. Recordeu que nom\u00e9s tenim un planeta, i l&#8217;hem de cuidar!<\/span><\/p>\n<div style=\"text-align: justify;\"><\/div>\n<div style=\"text-align: justify;\"><span style=\"color: #000080;\">Relacionat amb treball de recerca i ODS 14.<\/span><\/div>\n<div><\/div>\n<p><iframe loading=\"lazy\" title=\"Trucada de les onades\" width=\"500\" height=\"281\" src=\"https:\/\/www.youtube.com\/embed\/ouKFzJ2yFBg?feature=oembed\" frameborder=\"0\" allow=\"accelerometer; autoplay; clipboard-write; encrypted-media; gyroscope; picture-in-picture; web-share\" referrerpolicy=\"strict-origin-when-cross-origin\" allowfullscreen><\/iframe><\/p>\n<p>&nbsp;<\/p>\n","protected":false},"excerpt":{"rendered":"<p>En commemoraci\u00f3 al 22 d&#8217;abril, Dia de la Terra, les alumnes de 4t F, Ana\u00efs Romero, Kexin Teng i Naiara S\u00e1nchez ens parlen dels problemes que pateix el mar i la vida submarina, els efectes que t\u00e9 l&#8217;activitat humana i qu\u00e8 podem fer entre tots&hellip;  <a href=\"https:\/\/agora.xtec.cat\/insvoltrera\/eso\/22-dabril-dia-de-la-terra\/\" title=\"Read 22 d&#8217;abril, Dia de la Terra!\u00a0\">Llegeix m\u00e9s\u00bb<\/a><\/p>\n","protected":false},"author":3,"featured_media":3596,"comment_status":"open","ping_status":"closed","sticky":false,"template":"","format":"standard","meta":{"_bbp_topic_count":0,"_bbp_reply_count":0,"_bbp_total_topic_count":0,"_bbp_total_reply_count":0,"_bbp_voice_count":0,"_bbp_anonymous_reply_count":0,"_bbp_topic_count_hidden":0,"_bbp_reply_count_hidden":0,"_bbp_forum_subforum_count":0,"footnotes":""},"categories":[108,3,29,117],"tags":[],"class_list":["post-3595","post","type-post","status-publish","format-standard","has-post-thumbnail","hentry","category-cientific","category-eso","category-portada","category-salut-i-escola"],"post_mailing_queue_ids":[],"_links":{"self":[{"href":"https:\/\/agora.xtec.cat\/insvoltrera\/wp-json\/wp\/v2\/posts\/3595","targetHints":{"allow":["GET"]}}],"collection":[{"href":"https:\/\/agora.xtec.cat\/insvoltrera\/wp-json\/wp\/v2\/posts"}],"about":[{"href":"https:\/\/agora.xtec.cat\/insvoltrera\/wp-json\/wp\/v2\/types\/post"}],"author":[{"embeddable":true,"href":"https:\/\/agora.xtec.cat\/insvoltrera\/wp-json\/wp\/v2\/users\/3"}],"replies":[{"embeddable":true,"href":"https:\/\/agora.xtec.cat\/insvoltrera\/wp-json\/wp\/v2\/comments?post=3595"}],"version-history":[{"count":3,"href":"https:\/\/agora.xtec.cat\/insvoltrera\/wp-json\/wp\/v2\/posts\/3595\/revisions"}],"predecessor-version":[{"id":3599,"href":"https:\/\/agora.xtec.cat\/insvoltrera\/wp-json\/wp\/v2\/posts\/3595\/revisions\/3599"}],"wp:featuredmedia":[{"embeddable":true,"href":"https:\/\/agora.xtec.cat\/insvoltrera\/wp-json\/wp\/v2\/media\/3596"}],"wp:attachment":[{"href":"https:\/\/agora.xtec.cat\/insvoltrera\/wp-json\/wp\/v2\/media?parent=3595"}],"wp:term":[{"taxonomy":"category","embeddable":true,"href":"https:\/\/agora.xtec.cat\/insvoltrera\/wp-json\/wp\/v2\/categories?post=3595"},{"taxonomy":"post_tag","embeddable":true,"href":"https:\/\/agora.xtec.cat\/insvoltrera\/wp-json\/wp\/v2\/tags?post=3595"}],"curies":[{"name":"wp","href":"https:\/\/api.w.org\/{rel}","templated":true}]}}