{"id":3590,"date":"2024-04-13T12:08:46","date_gmt":"2024-04-13T10:08:46","guid":{"rendered":"https:\/\/agora.xtec.cat\/insvoltrera\/?p=3590"},"modified":"2024-04-21T18:21:16","modified_gmt":"2024-04-21T16:21:16","slug":"jornada-sobre-les-professions-sanitaries-per-a-estudiants","status":"publish","type":"post","link":"https:\/\/agora.xtec.cat\/insvoltrera\/eso\/jornada-sobre-les-professions-sanitaries-per-a-estudiants\/","title":{"rendered":"Jornada sobre les Professions Sanit\u00e0ries per a Estudiants"},"content":{"rendered":"<p style=\"text-align: justify;\"><span style=\"color: #000080;\">En Commemoraci\u00f3 el dia Mundial de la Salut (7 d\u2019abril) i crear consci\u00e8ncia social sobre el dret a la salut,<\/span><\/p>\n<p style=\"text-align: justify;\"><span style=\"color: #000080;\">L&#8217;alumnat de 4rt d\u2019ESO i Batxillerat va assistir a l\u2019acte \u2018Descobreix el teu Cam\u00ed: Jornada sobre les Professions Sanit\u00e0ries per a Estudiants\u2019, queva tenir lloc a l\u2019Auditori del Centre Polivalent.<\/span><\/p>\n<p style=\"text-align: justify;\"><span style=\"color: #000080;\">A l&#8217;acte han acompanyat\u00a0 professionals de la salut, l&#8217;alcalde Jes\u00fas Naharro, el regidor de Salut, Jos\u00e9 Antonio Zafra, la regidora d\u2019Acci\u00f3 Social, Giulia Mirto, la regidora de Joventut, Arantxa Galofr\u00e9, la t\u00e8cnica de salut, Sara Prados i la docent Cristina Garcia.<\/span><\/p>\n<p style=\"text-align: justify;\"><span style=\"color: #000080;\">Agrair l&#8217;organitzaci\u00f3 a la Regidoria de Salut P\u00fablica de l\u2019Ajuntament d\u2019Abrera.<\/span><\/p>\n<p><span style=\"color: #000080;\">Per tal de contribuir a l&#8217;orientaci\u00f3 educativa en la vesant sanit\u00e0ria, podeu consultar la seg\u00fcent presentaci\u00f3.<\/span><\/p>\n<p><a href=\"https:\/\/agora.xtec.cat\/insvoltrera\/wp-content\/uploads\/usu2424\/2024\/04\/ORIENTACIO-AMBIT-SANITARI.pptx\">ORIENTACI\u00d3 \u00c0MBIT SANITARI<\/a><\/p>\n<p style=\"text-align: justify;\">\n","protected":false},"excerpt":{"rendered":"<p>En Commemoraci\u00f3 el dia Mundial de la Salut (7 d\u2019abril) i crear consci\u00e8ncia social sobre el dret a la salut,<br \/>\nL&#8217;alumnat de 4rt d\u2019ESO i Batxillerat va assistir a l\u2019acte \u2018Descobreix el teu Cam\u00ed: Jornada sobre les Professions Sanit\u00e0ries per a Estudiants\u2019, queva tenir lloc a&hellip;  <a href=\"https:\/\/agora.xtec.cat\/insvoltrera\/eso\/jornada-sobre-les-professions-sanitaries-per-a-estudiants\/\" title=\"Read Jornada sobre les Professions Sanit\u00e0ries per a Estudiants\">Llegeix m\u00e9s\u00bb<\/a><\/p>\n","protected":false},"author":3,"featured_media":0,"comment_status":"open","ping_status":"closed","sticky":false,"template":"","format":"standard","meta":{"_bbp_topic_count":0,"_bbp_reply_count":0,"_bbp_total_topic_count":0,"_bbp_total_reply_count":0,"_bbp_voice_count":0,"_bbp_anonymous_reply_count":0,"_bbp_topic_count_hidden":0,"_bbp_reply_count_hidden":0,"_bbp_forum_subforum_count":0,"footnotes":""},"categories":[8,3,126,29,117],"tags":[],"class_list":["post-3590","post","type-post","status-publish","format-standard","hentry","category-batxillerat","category-eso","category-orientacio-educativa","category-portada","category-salut-i-escola"],"post_mailing_queue_ids":[],"_links":{"self":[{"href":"https:\/\/agora.xtec.cat\/insvoltrera\/wp-json\/wp\/v2\/posts\/3590","targetHints":{"allow":["GET"]}}],"collection":[{"href":"https:\/\/agora.xtec.cat\/insvoltrera\/wp-json\/wp\/v2\/posts"}],"about":[{"href":"https:\/\/agora.xtec.cat\/insvoltrera\/wp-json\/wp\/v2\/types\/post"}],"author":[{"embeddable":true,"href":"https:\/\/agora.xtec.cat\/insvoltrera\/wp-json\/wp\/v2\/users\/3"}],"replies":[{"embeddable":true,"href":"https:\/\/agora.xtec.cat\/insvoltrera\/wp-json\/wp\/v2\/comments?post=3590"}],"version-history":[{"count":1,"href":"https:\/\/agora.xtec.cat\/insvoltrera\/wp-json\/wp\/v2\/posts\/3590\/revisions"}],"predecessor-version":[{"id":3592,"href":"https:\/\/agora.xtec.cat\/insvoltrera\/wp-json\/wp\/v2\/posts\/3590\/revisions\/3592"}],"wp:attachment":[{"href":"https:\/\/agora.xtec.cat\/insvoltrera\/wp-json\/wp\/v2\/media?parent=3590"}],"wp:term":[{"taxonomy":"category","embeddable":true,"href":"https:\/\/agora.xtec.cat\/insvoltrera\/wp-json\/wp\/v2\/categories?post=3590"},{"taxonomy":"post_tag","embeddable":true,"href":"https:\/\/agora.xtec.cat\/insvoltrera\/wp-json\/wp\/v2\/tags?post=3590"}],"curies":[{"name":"wp","href":"https:\/\/api.w.org\/{rel}","templated":true}]}}