{"id":3554,"date":"2024-04-08T16:21:10","date_gmt":"2024-04-08T14:21:10","guid":{"rendered":"https:\/\/agora.xtec.cat\/insvoltrera\/?p=3554"},"modified":"2024-04-08T16:24:42","modified_gmt":"2024-04-08T14:24:42","slug":"1a-olimpiada-de-dibuix-tecnic-de-catalunya","status":"publish","type":"post","link":"https:\/\/agora.xtec.cat\/insvoltrera\/batxillerat\/1a-olimpiada-de-dibuix-tecnic-de-catalunya\/","title":{"rendered":"1a Olimp\u00edada de Dibuix T\u00e8cnic de Catalunya"},"content":{"rendered":"<p style=\"text-align: justify;\"><span style=\"color: #3366ff;\">Participaci\u00f3 a la <strong>1 Olimp\u00edada de Dibuix T\u00e8cnic de Catalunya<\/strong> celebrada a la <strong>Facultat de Belles Arts de la Universitat de Barcelona<\/strong>. Aquest dissabte dia 6 d&#8217;abril el representant del nostre institut, l&#8217;<strong>Eros Diz de 2n de batxillerat A<\/strong>, ha participat en les primeres olimp\u00edades de Dibuix T\u00e8cnic celebrades a Catalunya. La jornada es va dividir en dues proves, una primera de car\u00e0cter m\u00e9s te\u00f2ric i una segona, despr\u00e9s del descans, d&#8217;aplicaci\u00f3 pr\u00e0ctica dels conceptes geom\u00e8trics i gr\u00e0fics treballats a batxillerat. Al final de la jornada vam participar a la taula rodona organitzada a la Sala de Juntes de la Facultat de Belles Arts que es va centrar en l&#8217;actualitat i futur del Dibuix T\u00e8cnic a la secund\u00e0ria i a l&#8217;ensenyament universitari. Finalment es va realitzar una entrega de premis amb parlaments dels diferents responsables de la jornada, deg\u00e0 de la Facultat de Belles Arts i responsables del Departament d&#8217;Educaci\u00f3. <span style=\"color: #339966;\">Va ser una diada molt engrescadora en la que l&#8217;alumnat va poder provar les seves capacitats i compartir amb altres companys de diversos centres la seva passi\u00f3 pel dibuix.<\/span><\/span><a href=\"https:\/\/agora.xtec.cat\/insvoltrera\/wp-content\/uploads\/usu2424\/2024\/04\/OlimpiadaDibuixtecnic.jpg\"><img loading=\"lazy\" decoding=\"async\" class=\"wp-image-3556 aligncenter\" src=\"https:\/\/agora.xtec.cat\/insvoltrera\/wp-content\/uploads\/usu2424\/2024\/04\/OlimpiadaDibuixtecnic.jpg\" alt=\"\" width=\"392\" height=\"211\" srcset=\"https:\/\/agora.xtec.cat\/insvoltrera\/wp-content\/uploads\/usu2424\/2024\/04\/OlimpiadaDibuixtecnic.jpg 813w, https:\/\/agora.xtec.cat\/insvoltrera\/wp-content\/uploads\/usu2424\/2024\/04\/OlimpiadaDibuixtecnic-300x162.jpg 300w, https:\/\/agora.xtec.cat\/insvoltrera\/wp-content\/uploads\/usu2424\/2024\/04\/OlimpiadaDibuixtecnic-768x414.jpg 768w\" sizes=\"auto, (max-width: 392px) 100vw, 392px\" \/><\/a><\/p>\n","protected":false},"excerpt":{"rendered":"<p>Participaci\u00f3 a la 1 Olimp\u00edada de Dibuix T\u00e8cnic de Catalunya celebrada a la Facultat de Belles Arts de la Universitat de Barcelona. Aquest dissabte dia 6 d&#8217;abril el representant del nostre institut, l&#8217;Eros Diz de 2n de batxillerat A, ha participat en les primeres olimp\u00edades&hellip;  <a href=\"https:\/\/agora.xtec.cat\/insvoltrera\/batxillerat\/1a-olimpiada-de-dibuix-tecnic-de-catalunya\/\" title=\"Read 1a Olimp\u00edada de Dibuix T\u00e8cnic de Catalunya\">Llegeix m\u00e9s\u00bb<\/a><\/p>\n","protected":false},"author":3,"featured_media":0,"comment_status":"open","ping_status":"closed","sticky":false,"template":"","format":"standard","meta":{"_bbp_topic_count":0,"_bbp_reply_count":0,"_bbp_total_topic_count":0,"_bbp_total_reply_count":0,"_bbp_voice_count":0,"_bbp_anonymous_reply_count":0,"_bbp_topic_count_hidden":0,"_bbp_reply_count_hidden":0,"_bbp_forum_subforum_count":0,"footnotes":""},"categories":[8,29,114],"tags":[],"class_list":["post-3554","post","type-post","status-publish","format-standard","hentry","category-batxillerat","category-portada","category-visual"],"post_mailing_queue_ids":[],"_links":{"self":[{"href":"https:\/\/agora.xtec.cat\/insvoltrera\/wp-json\/wp\/v2\/posts\/3554","targetHints":{"allow":["GET"]}}],"collection":[{"href":"https:\/\/agora.xtec.cat\/insvoltrera\/wp-json\/wp\/v2\/posts"}],"about":[{"href":"https:\/\/agora.xtec.cat\/insvoltrera\/wp-json\/wp\/v2\/types\/post"}],"author":[{"embeddable":true,"href":"https:\/\/agora.xtec.cat\/insvoltrera\/wp-json\/wp\/v2\/users\/3"}],"replies":[{"embeddable":true,"href":"https:\/\/agora.xtec.cat\/insvoltrera\/wp-json\/wp\/v2\/comments?post=3554"}],"version-history":[{"count":2,"href":"https:\/\/agora.xtec.cat\/insvoltrera\/wp-json\/wp\/v2\/posts\/3554\/revisions"}],"predecessor-version":[{"id":3557,"href":"https:\/\/agora.xtec.cat\/insvoltrera\/wp-json\/wp\/v2\/posts\/3554\/revisions\/3557"}],"wp:attachment":[{"href":"https:\/\/agora.xtec.cat\/insvoltrera\/wp-json\/wp\/v2\/media?parent=3554"}],"wp:term":[{"taxonomy":"category","embeddable":true,"href":"https:\/\/agora.xtec.cat\/insvoltrera\/wp-json\/wp\/v2\/categories?post=3554"},{"taxonomy":"post_tag","embeddable":true,"href":"https:\/\/agora.xtec.cat\/insvoltrera\/wp-json\/wp\/v2\/tags?post=3554"}],"curies":[{"name":"wp","href":"https:\/\/api.w.org\/{rel}","templated":true}]}}