{"id":3505,"date":"2024-03-14T16:46:00","date_gmt":"2024-03-14T15:46:00","guid":{"rendered":"https:\/\/agora.xtec.cat\/insvoltrera\/?p=3505"},"modified":"2024-03-15T17:53:49","modified_gmt":"2024-03-15T16:53:49","slug":"intercanvi-berlin-benvinguda","status":"publish","type":"post","link":"https:\/\/agora.xtec.cat\/insvoltrera\/eso\/intercanvi-berlin-benvinguda\/","title":{"rendered":"Intercanvi Berl\u00edn. Benvinguda"},"content":{"rendered":"<p style=\"text-align: justify;\"><span style=\"color: #000080;\">El 13 de mar\u00e7 donem la benvinguda al grup d&#8217;estudiants de l\u2019institut Primo Levi Gymnasium de <strong>Berl\u00edn <\/strong>que participen a\u00a0\u00a0<strong>l\u2019intercanvi.\u00a0<\/strong><\/span><\/p>\n<p style=\"text-align: justify;\"><span style=\"color: #000080;\">De ben segur que ser\u00e0 una gran experi\u00e8ncia per tots els alumnes i fam\u00edlies.<\/span><\/p>\n<p><span style=\"color: #003300;\">Benvinguts!<\/span><\/p>\n<p><a href=\"https:\/\/agora.xtec.cat\/insvoltrera\/wp-content\/uploads\/usu2424\/2024\/03\/Berlin_c.jpg\"> <img loading=\"lazy\" decoding=\"async\" class=\"size-full wp-image-3506 aligncenter\" src=\"https:\/\/agora.xtec.cat\/insvoltrera\/wp-content\/uploads\/usu2424\/2024\/03\/Berlin_c.jpg\" alt=\"\" width=\"448\" height=\"336\" srcset=\"https:\/\/agora.xtec.cat\/insvoltrera\/wp-content\/uploads\/usu2424\/2024\/03\/Berlin_c.jpg 448w, https:\/\/agora.xtec.cat\/insvoltrera\/wp-content\/uploads\/usu2424\/2024\/03\/Berlin_c-300x225.jpg 300w, https:\/\/agora.xtec.cat\/insvoltrera\/wp-content\/uploads\/usu2424\/2024\/03\/Berlin_c-200x150.jpg 200w\" sizes=\"auto, (max-width: 448px) 100vw, 448px\" \/><\/a><\/p>\n","protected":false},"excerpt":{"rendered":"<p>El 13 de mar\u00e7 donem la benvinguda al grup d&#8217;estudiants de l\u2019institut Primo Levi Gymnasium de Berl\u00edn que participen a\u00a0\u00a0l\u2019intercanvi.\u00a0<br \/>\nDe ben segur que ser\u00e0 una gran experi\u00e8ncia per tots els alumnes i fam\u00edlies.<br \/>\nBenvinguts!<br \/>\n<a href=\"https:\/\/agora.xtec.cat\/insvoltrera\/wp-content\/uploads\/usu2424\/2024\/03\/Berlin_c.jpg\"> <\/a><\/p>\n","protected":false},"author":3,"featured_media":0,"comment_status":"open","ping_status":"closed","sticky":false,"template":"","format":"standard","meta":{"_bbp_topic_count":0,"_bbp_reply_count":0,"_bbp_total_topic_count":0,"_bbp_total_reply_count":0,"_bbp_voice_count":0,"_bbp_anonymous_reply_count":0,"_bbp_topic_count_hidden":0,"_bbp_reply_count_hidden":0,"_bbp_forum_subforum_count":0,"footnotes":""},"categories":[3,119,29],"tags":[],"class_list":["post-3505","post","type-post","status-publish","format-standard","hentry","category-eso","category-intercanviberlin","category-portada"],"post_mailing_queue_ids":[],"_links":{"self":[{"href":"https:\/\/agora.xtec.cat\/insvoltrera\/wp-json\/wp\/v2\/posts\/3505","targetHints":{"allow":["GET"]}}],"collection":[{"href":"https:\/\/agora.xtec.cat\/insvoltrera\/wp-json\/wp\/v2\/posts"}],"about":[{"href":"https:\/\/agora.xtec.cat\/insvoltrera\/wp-json\/wp\/v2\/types\/post"}],"author":[{"embeddable":true,"href":"https:\/\/agora.xtec.cat\/insvoltrera\/wp-json\/wp\/v2\/users\/3"}],"replies":[{"embeddable":true,"href":"https:\/\/agora.xtec.cat\/insvoltrera\/wp-json\/wp\/v2\/comments?post=3505"}],"version-history":[{"count":2,"href":"https:\/\/agora.xtec.cat\/insvoltrera\/wp-json\/wp\/v2\/posts\/3505\/revisions"}],"predecessor-version":[{"id":3508,"href":"https:\/\/agora.xtec.cat\/insvoltrera\/wp-json\/wp\/v2\/posts\/3505\/revisions\/3508"}],"wp:attachment":[{"href":"https:\/\/agora.xtec.cat\/insvoltrera\/wp-json\/wp\/v2\/media?parent=3505"}],"wp:term":[{"taxonomy":"category","embeddable":true,"href":"https:\/\/agora.xtec.cat\/insvoltrera\/wp-json\/wp\/v2\/categories?post=3505"},{"taxonomy":"post_tag","embeddable":true,"href":"https:\/\/agora.xtec.cat\/insvoltrera\/wp-json\/wp\/v2\/tags?post=3505"}],"curies":[{"name":"wp","href":"https:\/\/api.w.org\/{rel}","templated":true}]}}