{"id":3358,"date":"2024-01-21T21:33:20","date_gmt":"2024-01-21T20:33:20","guid":{"rendered":"https:\/\/agora.xtec.cat\/insvoltrera\/?p=3358"},"modified":"2024-01-22T19:40:02","modified_gmt":"2024-01-22T18:40:02","slug":"participacio-a-1a-olimpiada-matematica-femenina-catalana","status":"publish","type":"post","link":"https:\/\/agora.xtec.cat\/insvoltrera\/portada\/participacio-a-1a-olimpiada-matematica-femenina-catalana\/","title":{"rendered":"Participaci\u00f3 a 1a Olimp\u00edada Matem\u00e0tica Femenina Catalana"},"content":{"rendered":"<p style=\"text-align: justify;\"><span style=\"color: #339966;\"><span style=\"color: #333399;\">L&#8217;alumna <strong>Leyre Serrano D\u00edez de Ulzurrun<\/strong> ha participat aquest dissabte 20 de gener a la 1a Olimpiada Matem\u00e0tica Femenina Catalana.<br \/>\n<\/span><\/span><\/p>\n<p style=\"text-align: justify;\"><span style=\"color: #339966;\"><span style=\"color: #333399;\">Aquesta Olimpiada promou la coneixen\u00e7a i la visibilitzaci\u00f3 de l\u2019inter\u00e8s de les noies en matem\u00e0tiques.\u00a0 Ha constat de la resoluci\u00f3 de tres problemes durant 3 hores, a m\u00e9s a m\u00e9s hi ha hagut activitats l\u00fadiques i la presentaci\u00f3 de joves matem\u00e0tiques catalanes que volen compartir la seva experi\u00e8ncia.<\/span><\/span><\/p>\n<p><span style=\"color: #ff6600;\"><strong>Fomentem el talent matem\u00e0tic<\/strong>. Ha estat una experi\u00e8ncia molt enriquidora!<br \/>\n<\/span><span style=\"color: #008000;\">Felicitats!<\/span><\/p>\n<p><a href=\"https:\/\/agora.xtec.cat\/insvoltrera\/wp-content\/uploads\/usu2424\/2024\/01\/Leyre_2.jpg\"><img loading=\"lazy\" decoding=\"async\" class=\"wp-image-3362 aligncenter\" src=\"https:\/\/agora.xtec.cat\/insvoltrera\/wp-content\/uploads\/usu2424\/2024\/01\/Leyre_2-1024x578.jpg\" alt=\"\" width=\"639\" height=\"360\" srcset=\"https:\/\/agora.xtec.cat\/insvoltrera\/wp-content\/uploads\/usu2424\/2024\/01\/Leyre_2-1024x578.jpg 1024w, https:\/\/agora.xtec.cat\/insvoltrera\/wp-content\/uploads\/usu2424\/2024\/01\/Leyre_2-300x169.jpg 300w, https:\/\/agora.xtec.cat\/insvoltrera\/wp-content\/uploads\/usu2424\/2024\/01\/Leyre_2-768x433.jpg 768w, https:\/\/agora.xtec.cat\/insvoltrera\/wp-content\/uploads\/usu2424\/2024\/01\/Leyre_2.jpg 1028w\" sizes=\"auto, (max-width: 639px) 100vw, 639px\" \/><\/a><\/p>\n","protected":false},"excerpt":{"rendered":"<p>L&#8217;alumna Leyre Serrano D\u00edez de Ulzurrun ha participat aquest dissabte 20 de gener a la 1a Olimpiada Matem\u00e0tica Femenina Catalana.<\/p>\n<p>Aquesta Olimpiada promou la coneixen\u00e7a i la visibilitzaci\u00f3 de l\u2019inter\u00e8s de les noies en matem\u00e0tiques.\u00a0 Ha constat de la resoluci\u00f3 de tres problemes durant 3 hores,&hellip;  <a href=\"https:\/\/agora.xtec.cat\/insvoltrera\/portada\/participacio-a-1a-olimpiada-matematica-femenina-catalana\/\" title=\"Read Participaci\u00f3 a 1a Olimp\u00edada Matem\u00e0tica Femenina Catalana\">Llegeix m\u00e9s\u00bb<\/a><\/p>\n","protected":false},"author":3,"featured_media":0,"comment_status":"open","ping_status":"closed","sticky":false,"template":"","format":"standard","meta":{"_bbp_topic_count":0,"_bbp_reply_count":0,"_bbp_total_topic_count":0,"_bbp_total_reply_count":0,"_bbp_voice_count":0,"_bbp_anonymous_reply_count":0,"_bbp_topic_count_hidden":0,"_bbp_reply_count_hidden":0,"_bbp_forum_subforum_count":0,"footnotes":""},"categories":[109,29],"tags":[],"class_list":["post-3358","post","type-post","status-publish","format-standard","hentry","category-matematic","category-portada"],"post_mailing_queue_ids":[],"_links":{"self":[{"href":"https:\/\/agora.xtec.cat\/insvoltrera\/wp-json\/wp\/v2\/posts\/3358","targetHints":{"allow":["GET"]}}],"collection":[{"href":"https:\/\/agora.xtec.cat\/insvoltrera\/wp-json\/wp\/v2\/posts"}],"about":[{"href":"https:\/\/agora.xtec.cat\/insvoltrera\/wp-json\/wp\/v2\/types\/post"}],"author":[{"embeddable":true,"href":"https:\/\/agora.xtec.cat\/insvoltrera\/wp-json\/wp\/v2\/users\/3"}],"replies":[{"embeddable":true,"href":"https:\/\/agora.xtec.cat\/insvoltrera\/wp-json\/wp\/v2\/comments?post=3358"}],"version-history":[{"count":6,"href":"https:\/\/agora.xtec.cat\/insvoltrera\/wp-json\/wp\/v2\/posts\/3358\/revisions"}],"predecessor-version":[{"id":3366,"href":"https:\/\/agora.xtec.cat\/insvoltrera\/wp-json\/wp\/v2\/posts\/3358\/revisions\/3366"}],"wp:attachment":[{"href":"https:\/\/agora.xtec.cat\/insvoltrera\/wp-json\/wp\/v2\/media?parent=3358"}],"wp:term":[{"taxonomy":"category","embeddable":true,"href":"https:\/\/agora.xtec.cat\/insvoltrera\/wp-json\/wp\/v2\/categories?post=3358"},{"taxonomy":"post_tag","embeddable":true,"href":"https:\/\/agora.xtec.cat\/insvoltrera\/wp-json\/wp\/v2\/tags?post=3358"}],"curies":[{"name":"wp","href":"https:\/\/api.w.org\/{rel}","templated":true}]}}