{"id":2692,"date":"2023-04-10T19:03:57","date_gmt":"2023-04-10T17:03:57","guid":{"rendered":"https:\/\/agora.xtec.cat\/insvoltrera\/?p=2692"},"modified":"2023-04-14T12:34:28","modified_gmt":"2023-04-14T10:34:28","slug":"dona-i-nena-cientifica","status":"publish","type":"post","link":"https:\/\/agora.xtec.cat\/insvoltrera\/eso\/dona-i-nena-cientifica\/","title":{"rendered":"Dona i nena Cient\u00edfica"},"content":{"rendered":"<p style=\"text-align: justify;\"><span style=\"color: #333399;\">El dia 11 de febrer es celebra el dia de la <strong>Nena i Dona Cient\u00edfica<\/strong>, per tal de divulgar la contribuci\u00f3 que han aportat a aquest camp.<br \/>\nLa finalitat d&#8217;aquest dia \u00e9s donar a con\u00e8ixer la import\u00e0ncia que han tingut , tenen i tindran en l&#8217;aven\u00e7 cient\u00edfic i que fins ara han passat desapercebudes per la nostra societat. Els alumnes de <strong>3rESO<\/strong> han estudiat la contribuci\u00f3, nom\u00e9s de tres cient\u00edfiques, quan estaven estudiant el tema de <strong>l&#8217;\u00e0tom<\/strong>.<br \/>\nPodeu recordar moltes cient\u00edfiques en altres \u00e0mbits de la ci\u00e8ncia? i d&#8217;homes?. <\/span><\/p>\n<p style=\"text-align: justify;\"><span style=\"color: #333399;\">Si sou capa\u00e7os de respondre a la pregunta i fer una comparativa, entendreu perqu\u00e8 hem de fer aquesta reivindicaci\u00f3.<br \/>\n<span style=\"color: #008080;\">Alumnes de 3r d&#8217;ESO de l&#8217;INS Voltrera d&#8217;Abrera<\/span><\/span><\/p>\n<table style=\"border-collapse: collapse; width: 100%;\">\n<tbody>\n<tr>\n<td style=\"width: 50%;\"><a href=\"https:\/\/agora.xtec.cat\/insvoltrera\/wp-content\/uploads\/usu2424\/2023\/03\/foto3_poster_nenaDona.jpg\"><img loading=\"lazy\" decoding=\"async\" class=\"alignnone wp-image-2700\" src=\"https:\/\/agora.xtec.cat\/insvoltrera\/wp-content\/uploads\/usu2424\/2023\/03\/foto3_poster_nenaDona.jpg\" alt=\"\" width=\"477\" height=\"310\" srcset=\"https:\/\/agora.xtec.cat\/insvoltrera\/wp-content\/uploads\/usu2424\/2023\/03\/foto3_poster_nenaDona.jpg 800w, https:\/\/agora.xtec.cat\/insvoltrera\/wp-content\/uploads\/usu2424\/2023\/03\/foto3_poster_nenaDona-300x195.jpg 300w, https:\/\/agora.xtec.cat\/insvoltrera\/wp-content\/uploads\/usu2424\/2023\/03\/foto3_poster_nenaDona-768x500.jpg 768w\" sizes=\"auto, (max-width: 477px) 100vw, 477px\" \/><\/a><\/p>\n<p style=\"text-align: center;\"><strong><span style=\"color: #000080;\">Emma Pacheco (3rC)<\/span><\/strong><\/p>\n<\/td>\n<td style=\"width: 50%;\"><a href=\"https:\/\/agora.xtec.cat\/insvoltrera\/wp-content\/uploads\/usu2424\/2023\/03\/Poster-Marie-Curie.pdf\" target=\"_blank\" rel=\"noopener\"><img loading=\"lazy\" decoding=\"async\" class=\"alignnone wp-image-2698\" src=\"https:\/\/agora.xtec.cat\/insvoltrera\/wp-content\/uploads\/usu2424\/2023\/03\/foto2_poster_nenaDona-1024x655.jpg\" alt=\"\" width=\"472\" height=\"302\" srcset=\"https:\/\/agora.xtec.cat\/insvoltrera\/wp-content\/uploads\/usu2424\/2023\/03\/foto2_poster_nenaDona-1024x655.jpg 1024w, https:\/\/agora.xtec.cat\/insvoltrera\/wp-content\/uploads\/usu2424\/2023\/03\/foto2_poster_nenaDona-300x192.jpg 300w, https:\/\/agora.xtec.cat\/insvoltrera\/wp-content\/uploads\/usu2424\/2023\/03\/foto2_poster_nenaDona-768x491.jpg 768w, https:\/\/agora.xtec.cat\/insvoltrera\/wp-content\/uploads\/usu2424\/2023\/03\/foto2_poster_nenaDona.jpg 1194w\" sizes=\"auto, (max-width: 472px) 100vw, 472px\" \/><\/a><\/p>\n<p style=\"text-align: center;\"><strong><span style=\"color: #000080;\">Marina Granados (3rA) <\/span><\/strong><\/p>\n<\/td>\n<\/tr>\n<\/tbody>\n<\/table>\n<p>&nbsp;<\/p>\n<p>&nbsp;<\/p>\n","protected":false},"excerpt":{"rendered":"<p>El dia 11 de febrer es celebra el dia de la Nena i Dona Cient\u00edfica, per tal de divulgar la contribuci\u00f3 que han aportat a aquest camp.<br \/>\nLa finalitat d&#8217;aquest dia \u00e9s donar a con\u00e8ixer la import\u00e0ncia que han tingut , tenen i tindran en l&#8217;aven\u00e7&hellip;  <a href=\"https:\/\/agora.xtec.cat\/insvoltrera\/eso\/dona-i-nena-cientifica\/\" title=\"Read Dona i nena Cient\u00edfica\">Llegeix m\u00e9s\u00bb<\/a><\/p>\n","protected":false},"author":3,"featured_media":0,"comment_status":"open","ping_status":"closed","sticky":false,"template":"","format":"standard","meta":{"_bbp_topic_count":0,"_bbp_reply_count":0,"_bbp_total_topic_count":0,"_bbp_total_reply_count":0,"_bbp_voice_count":0,"_bbp_anonymous_reply_count":0,"_bbp_topic_count_hidden":0,"_bbp_reply_count_hidden":0,"_bbp_forum_subforum_count":0,"footnotes":""},"categories":[108,3,29],"tags":[],"class_list":["post-2692","post","type-post","status-publish","format-standard","hentry","category-cientific","category-eso","category-portada"],"post_mailing_queue_ids":[],"_links":{"self":[{"href":"https:\/\/agora.xtec.cat\/insvoltrera\/wp-json\/wp\/v2\/posts\/2692","targetHints":{"allow":["GET"]}}],"collection":[{"href":"https:\/\/agora.xtec.cat\/insvoltrera\/wp-json\/wp\/v2\/posts"}],"about":[{"href":"https:\/\/agora.xtec.cat\/insvoltrera\/wp-json\/wp\/v2\/types\/post"}],"author":[{"embeddable":true,"href":"https:\/\/agora.xtec.cat\/insvoltrera\/wp-json\/wp\/v2\/users\/3"}],"replies":[{"embeddable":true,"href":"https:\/\/agora.xtec.cat\/insvoltrera\/wp-json\/wp\/v2\/comments?post=2692"}],"version-history":[{"count":4,"href":"https:\/\/agora.xtec.cat\/insvoltrera\/wp-json\/wp\/v2\/posts\/2692\/revisions"}],"predecessor-version":[{"id":2719,"href":"https:\/\/agora.xtec.cat\/insvoltrera\/wp-json\/wp\/v2\/posts\/2692\/revisions\/2719"}],"wp:attachment":[{"href":"https:\/\/agora.xtec.cat\/insvoltrera\/wp-json\/wp\/v2\/media?parent=2692"}],"wp:term":[{"taxonomy":"category","embeddable":true,"href":"https:\/\/agora.xtec.cat\/insvoltrera\/wp-json\/wp\/v2\/categories?post=2692"},{"taxonomy":"post_tag","embeddable":true,"href":"https:\/\/agora.xtec.cat\/insvoltrera\/wp-json\/wp\/v2\/tags?post=2692"}],"curies":[{"name":"wp","href":"https:\/\/api.w.org\/{rel}","templated":true}]}}