{"id":2488,"date":"2023-02-20T17:50:04","date_gmt":"2023-02-20T16:50:04","guid":{"rendered":"https:\/\/agora.xtec.cat\/insvoltrera\/?p=2488"},"modified":"2023-02-20T18:02:41","modified_gmt":"2023-02-20T17:02:41","slug":"problemes-a-lesprint","status":"publish","type":"post","link":"https:\/\/agora.xtec.cat\/insvoltrera\/eso\/problemes-a-lesprint\/","title":{"rendered":"Problemes a l&#8217;esprint"},"content":{"rendered":"<p><span style=\"color: #333399;\">El passat 15 de febrer alumnat de 1r i 2n ESO ha participat en l\u2019activitat \u201c<strong>Problemes a l\u2019esprint<\/strong>\u201d organitzada per la Societat Catalana de Matem\u00e0tiques.<br \/>\nAquesta prova consisteix en la resoluci\u00f3 de problemes matem\u00e0tics als quals es poden aplicar diverses estrat\u00e8gies de resoluci\u00f3 i es treballa de forma cooperativa en equip amb petits subgrups.<br \/>\nL\u2019alumnat ha passat una estona fent matem\u00e0tiques divertides, diferents a les sessions habituals i amb molta tensi\u00f3.<br \/>\nL\u2019equip de l\u2019institut Voltrera ha rebut una menci\u00f3 per haver resolts tots els problemes sense errades i en un temps de 55 minuts.<br \/>\n<span style=\"color: #008080;\">Cal felicitar a l\u2019alumnat participant per dedicar una estona a les matem\u00e0tiques i pels resultats obtinguts, i al professorat que ha perm\u00e8s dur a terme l\u2019activitat. <a href=\"https:\/\/www.cangur.org\/esprint\/15feb23\/\">ACCEDEIX A LA CR\u00d2NICA<\/a><\/span><br \/>\n<\/span><\/p>\n<p><a href=\"https:\/\/www.cangur.org\/esprint\/15feb23\/\"><img loading=\"lazy\" decoding=\"async\" class=\" wp-image-2489 aligncenter\" src=\"https:\/\/agora.xtec.cat\/insvoltrera\/wp-content\/uploads\/usu2424\/2023\/02\/sprint_img.png\" alt=\"\" width=\"224\" height=\"197\" srcset=\"https:\/\/agora.xtec.cat\/insvoltrera\/wp-content\/uploads\/usu2424\/2023\/02\/sprint_img.png 302w, https:\/\/agora.xtec.cat\/insvoltrera\/wp-content\/uploads\/usu2424\/2023\/02\/sprint_img-300x264.png 300w\" sizes=\"auto, (max-width: 224px) 100vw, 224px\" \/><\/a><\/p>\n","protected":false},"excerpt":{"rendered":"<p>El passat 15 de febrer alumnat de 1r i 2n ESO ha participat en l\u2019activitat \u201cProblemes a l\u2019esprint\u201d organitzada per la Societat Catalana de Matem\u00e0tiques.<br \/>\nAquesta prova consisteix en la resoluci\u00f3 de problemes matem\u00e0tics als quals es poden aplicar diverses estrat\u00e8gies de resoluci\u00f3 i es treballa&hellip;  <a href=\"https:\/\/agora.xtec.cat\/insvoltrera\/eso\/problemes-a-lesprint\/\" title=\"Read Problemes a l&#8217;esprint\">Llegeix m\u00e9s\u00bb<\/a><\/p>\n","protected":false},"author":3,"featured_media":0,"comment_status":"open","ping_status":"closed","sticky":false,"template":"","format":"standard","meta":{"_bbp_topic_count":0,"_bbp_reply_count":0,"_bbp_total_topic_count":0,"_bbp_total_reply_count":0,"_bbp_voice_count":0,"_bbp_anonymous_reply_count":0,"_bbp_topic_count_hidden":0,"_bbp_reply_count_hidden":0,"_bbp_forum_subforum_count":0,"footnotes":""},"categories":[8,3,109,29],"tags":[],"class_list":["post-2488","post","type-post","status-publish","format-standard","hentry","category-batxillerat","category-eso","category-matematic","category-portada"],"post_mailing_queue_ids":[],"_links":{"self":[{"href":"https:\/\/agora.xtec.cat\/insvoltrera\/wp-json\/wp\/v2\/posts\/2488","targetHints":{"allow":["GET"]}}],"collection":[{"href":"https:\/\/agora.xtec.cat\/insvoltrera\/wp-json\/wp\/v2\/posts"}],"about":[{"href":"https:\/\/agora.xtec.cat\/insvoltrera\/wp-json\/wp\/v2\/types\/post"}],"author":[{"embeddable":true,"href":"https:\/\/agora.xtec.cat\/insvoltrera\/wp-json\/wp\/v2\/users\/3"}],"replies":[{"embeddable":true,"href":"https:\/\/agora.xtec.cat\/insvoltrera\/wp-json\/wp\/v2\/comments?post=2488"}],"version-history":[{"count":3,"href":"https:\/\/agora.xtec.cat\/insvoltrera\/wp-json\/wp\/v2\/posts\/2488\/revisions"}],"predecessor-version":[{"id":2499,"href":"https:\/\/agora.xtec.cat\/insvoltrera\/wp-json\/wp\/v2\/posts\/2488\/revisions\/2499"}],"wp:attachment":[{"href":"https:\/\/agora.xtec.cat\/insvoltrera\/wp-json\/wp\/v2\/media?parent=2488"}],"wp:term":[{"taxonomy":"category","embeddable":true,"href":"https:\/\/agora.xtec.cat\/insvoltrera\/wp-json\/wp\/v2\/categories?post=2488"},{"taxonomy":"post_tag","embeddable":true,"href":"https:\/\/agora.xtec.cat\/insvoltrera\/wp-json\/wp\/v2\/tags?post=2488"}],"curies":[{"name":"wp","href":"https:\/\/api.w.org\/{rel}","templated":true}]}}