{"id":2407,"date":"2023-01-23T20:04:12","date_gmt":"2023-01-23T19:04:12","guid":{"rendered":"https:\/\/agora.xtec.cat\/insvoltrera\/?p=2407"},"modified":"2023-04-20T23:34:26","modified_gmt":"2023-04-20T21:34:26","slug":"24e-concurs-de-fotografia-matematica","status":"publish","type":"post","link":"https:\/\/agora.xtec.cat\/insvoltrera\/eso\/24e-concurs-de-fotografia-matematica\/","title":{"rendered":"24\u00e8 Concurs de fotografia matem\u00e0tica"},"content":{"rendered":"<p><span style=\"color: #000080;\">L\u2019Institut Voltrera mant\u00e9 la particiaci\u00f3 al <strong>24\u00e8 Concurs de fotografia matem\u00e0tica<\/strong>\u00a0convocat per\u00a0<strong>l\u2019ABEAM<\/strong>\u00a0(Associaci\u00f3 de Barcelona per a l\u2019estudi i l\u2019aprenentatge de les matem\u00e0tiques).<\/span><br \/>\n<span style=\"color: #000080;\">Mirem el m\u00f3n amb mirada matem\u00e0tica.<\/span><\/p>\n<p><span style=\"color: #000080;\"><strong>Anima\u2019t a participar-hi.\u00a0<a style=\"color: #000080;\" href=\"https:\/\/agora.xtec.cat\/insvoltrera\/wp-content\/uploads\/usu2424\/2023\/01\/Bases_Generals_concursFotoMatematica_2023.pdf\" target=\"_blank\" rel=\"noopener\">Descarrega les BASES aqu\u00ed.<\/a><\/strong><\/span><\/p>\n<p><span style=\"color: #000080;\">Fotografies guanyadores del curs 21-22:<\/span><\/p>\n<p><a href=\"https:\/\/youtu.be\/SiWmZHxyh1w\"><img loading=\"lazy\" decoding=\"async\" class=\"wp-image-2409 aligncenter\" src=\"https:\/\/agora.xtec.cat\/insvoltrera\/wp-content\/uploads\/usu2424\/2023\/01\/fotografiaMatematica_22_23-1-1024x637.jpg\" alt=\"\" width=\"940\" height=\"585\" srcset=\"https:\/\/agora.xtec.cat\/insvoltrera\/wp-content\/uploads\/usu2424\/2023\/01\/fotografiaMatematica_22_23-1-1024x637.jpg 1024w, https:\/\/agora.xtec.cat\/insvoltrera\/wp-content\/uploads\/usu2424\/2023\/01\/fotografiaMatematica_22_23-1-300x187.jpg 300w, https:\/\/agora.xtec.cat\/insvoltrera\/wp-content\/uploads\/usu2424\/2023\/01\/fotografiaMatematica_22_23-1-768x478.jpg 768w, https:\/\/agora.xtec.cat\/insvoltrera\/wp-content\/uploads\/usu2424\/2023\/01\/fotografiaMatematica_22_23-1.jpg 1436w\" sizes=\"auto, (max-width: 940px) 100vw, 940px\" \/><\/a><\/p>\n","protected":false},"excerpt":{"rendered":"<p>L\u2019Institut Voltrera mant\u00e9 la particiaci\u00f3 al 24\u00e8 Concurs de fotografia matem\u00e0tica\u00a0convocat per\u00a0l\u2019ABEAM\u00a0(Associaci\u00f3 de Barcelona per a l\u2019estudi i l\u2019aprenentatge de les matem\u00e0tiques).<br \/>\nMirem el m\u00f3n amb mirada matem\u00e0tica.<br \/>\nAnima\u2019t a participar-hi.\u00a0<a style=\"color: #000080;\" href=\"https:\/\/agora.xtec.cat\/insvoltrera\/wp-content\/uploads\/usu2424\/2023\/01\/Bases_Generals_concursFotoMatematica_2023.pdf\" target=\"_blank\" rel=\"noopener\">Descarrega les BASES aqu\u00ed.<\/a><br \/>\nFotografies guanyadores del curs 21-22:<br \/>\n<a href=\"https:\/\/youtu.be\/SiWmZHxyh1w\"><\/a><\/p>\n","protected":false},"author":3,"featured_media":0,"comment_status":"open","ping_status":"closed","sticky":false,"template":"","format":"standard","meta":{"_bbp_topic_count":0,"_bbp_reply_count":0,"_bbp_total_topic_count":0,"_bbp_total_reply_count":0,"_bbp_voice_count":0,"_bbp_anonymous_reply_count":0,"_bbp_topic_count_hidden":0,"_bbp_reply_count_hidden":0,"_bbp_forum_subforum_count":0,"footnotes":""},"categories":[8,120,3,29,114],"tags":[],"class_list":["post-2407","post","type-post","status-publish","format-standard","hentry","category-batxillerat","category-diada-sant-jordi","category-eso","category-portada","category-visual"],"post_mailing_queue_ids":[],"_links":{"self":[{"href":"https:\/\/agora.xtec.cat\/insvoltrera\/wp-json\/wp\/v2\/posts\/2407","targetHints":{"allow":["GET"]}}],"collection":[{"href":"https:\/\/agora.xtec.cat\/insvoltrera\/wp-json\/wp\/v2\/posts"}],"about":[{"href":"https:\/\/agora.xtec.cat\/insvoltrera\/wp-json\/wp\/v2\/types\/post"}],"author":[{"embeddable":true,"href":"https:\/\/agora.xtec.cat\/insvoltrera\/wp-json\/wp\/v2\/users\/3"}],"replies":[{"embeddable":true,"href":"https:\/\/agora.xtec.cat\/insvoltrera\/wp-json\/wp\/v2\/comments?post=2407"}],"version-history":[{"count":2,"href":"https:\/\/agora.xtec.cat\/insvoltrera\/wp-json\/wp\/v2\/posts\/2407\/revisions"}],"predecessor-version":[{"id":2434,"href":"https:\/\/agora.xtec.cat\/insvoltrera\/wp-json\/wp\/v2\/posts\/2407\/revisions\/2434"}],"wp:attachment":[{"href":"https:\/\/agora.xtec.cat\/insvoltrera\/wp-json\/wp\/v2\/media?parent=2407"}],"wp:term":[{"taxonomy":"category","embeddable":true,"href":"https:\/\/agora.xtec.cat\/insvoltrera\/wp-json\/wp\/v2\/categories?post=2407"},{"taxonomy":"post_tag","embeddable":true,"href":"https:\/\/agora.xtec.cat\/insvoltrera\/wp-json\/wp\/v2\/tags?post=2407"}],"curies":[{"name":"wp","href":"https:\/\/api.w.org\/{rel}","templated":true}]}}