{"id":1912,"date":"2022-05-15T19:58:00","date_gmt":"2022-05-15T17:58:00","guid":{"rendered":"https:\/\/agora.xtec.cat\/insvoltrera\/?p=1912"},"modified":"2023-04-20T23:45:33","modified_gmt":"2023-04-20T21:45:33","slug":"textos-guanyadors-del-concurs-literari-2022","status":"publish","type":"post","link":"https:\/\/agora.xtec.cat\/insvoltrera\/eso\/textos-guanyadors-del-concurs-literari-2022\/","title":{"rendered":"Textos guanyadors del concurs literari 2022"},"content":{"rendered":"<p><span style=\"color: #000080;\">El jurat que va qualificar els textos presentats en diferents modalitats, lleng\u00fces i cursos al concurs literari 2022, va tenir-ho dif\u00edcil donada la gran participaci\u00f3 i qualitat dels textos.\u00a0<\/span><\/p>\n<p><span style=\"color: #000080;\">A continuaci\u00f3 podeu gaudir de la lectura dels primers classificats.<\/span><\/p>\n<ul style=\"list-style-type: circle;\">\n<li><strong>Textos guanyadors. Sant Jordi 2022.<\/strong>\n<ul style=\"list-style-type: circle;\">\n<li><a href=\"https:\/\/drive.google.com\/drive\/u\/3\/folders\/19CjVMHWT7ZIwlN2-7CBrzPZqQ6QWPSfN\">Catal\u00e0.<\/a><\/li>\n<li><a href=\"https:\/\/drive.google.com\/drive\/u\/3\/folders\/1Qs7hzHIE5fKEPe69D6dYka5B0xKu4cW8\">Castell\u00e0.<\/a><\/li>\n<li><a href=\"https:\/\/drive.google.com\/drive\/u\/3\/folders\/1Haol4aqQru3CZzSfjGxQGM0c6OCVRjEd\">Lleng\u00fces estrangeres.<\/a><\/li>\n<\/ul>\n<\/li>\n<li><strong><a href=\"https:\/\/agora.xtec.cat\/insvoltrera\/wp-content\/uploads\/usu2424\/2022\/05\/Guanyadors-del-concurs-literari-de-Sant-Jordi_2022.pdf\">Relaci\u00f3 dels textos i guanyadors.<\/a><\/strong><\/li>\n<\/ul>\n<p><span style=\"color: #ff9900;\">Felicitats a tots i totes per les vostres creacions.<\/span><\/p>\n","protected":false},"excerpt":{"rendered":"<p>El jurat que va qualificar els textos presentats en diferents modalitats, lleng\u00fces i cursos al concurs literari 2022, va tenir-ho dif\u00edcil donada la gran participaci\u00f3 i qualitat dels textos.\u00a0<br \/>\nA continuaci\u00f3 podeu gaudir de la lectura dels primers classificats.<\/p>\n<ul style=\"list-style-type: circle;\">\n<li>Textos guanyadors. Sant Jordi 2022.\n<ul style=\"list-style-type:&hellip;  <a href=\"https:\/\/agora.xtec.cat\/insvoltrera\/eso\/textos-guanyadors-del-concurs-literari-2022\/\" title=\"Read Textos guanyadors del concurs literari 2022\">Llegeix m\u00e9s\u00bb<\/a><\/p>\n","protected":false},"author":3,"featured_media":0,"comment_status":"open","ping_status":"closed","sticky":false,"template":"","format":"standard","meta":{"_bbp_topic_count":0,"_bbp_reply_count":0,"_bbp_total_topic_count":0,"_bbp_total_reply_count":0,"_bbp_voice_count":0,"_bbp_anonymous_reply_count":0,"_bbp_topic_count_hidden":0,"_bbp_reply_count_hidden":0,"_bbp_forum_subforum_count":0,"footnotes":""},"categories":[8,120,3,107,29],"tags":[],"class_list":["post-1912","post","type-post","status-publish","format-standard","hentry","category-batxillerat","category-diada-sant-jordi","category-eso","category-llengues-ambits-didactics","category-portada"],"post_mailing_queue_ids":[],"_links":{"self":[{"href":"https:\/\/agora.xtec.cat\/insvoltrera\/wp-json\/wp\/v2\/posts\/1912","targetHints":{"allow":["GET"]}}],"collection":[{"href":"https:\/\/agora.xtec.cat\/insvoltrera\/wp-json\/wp\/v2\/posts"}],"about":[{"href":"https:\/\/agora.xtec.cat\/insvoltrera\/wp-json\/wp\/v2\/types\/post"}],"author":[{"embeddable":true,"href":"https:\/\/agora.xtec.cat\/insvoltrera\/wp-json\/wp\/v2\/users\/3"}],"replies":[{"embeddable":true,"href":"https:\/\/agora.xtec.cat\/insvoltrera\/wp-json\/wp\/v2\/comments?post=1912"}],"version-history":[{"count":3,"href":"https:\/\/agora.xtec.cat\/insvoltrera\/wp-json\/wp\/v2\/posts\/1912\/revisions"}],"predecessor-version":[{"id":2195,"href":"https:\/\/agora.xtec.cat\/insvoltrera\/wp-json\/wp\/v2\/posts\/1912\/revisions\/2195"}],"wp:attachment":[{"href":"https:\/\/agora.xtec.cat\/insvoltrera\/wp-json\/wp\/v2\/media?parent=1912"}],"wp:term":[{"taxonomy":"category","embeddable":true,"href":"https:\/\/agora.xtec.cat\/insvoltrera\/wp-json\/wp\/v2\/categories?post=1912"},{"taxonomy":"post_tag","embeddable":true,"href":"https:\/\/agora.xtec.cat\/insvoltrera\/wp-json\/wp\/v2\/tags?post=1912"}],"curies":[{"name":"wp","href":"https:\/\/api.w.org\/{rel}","templated":true}]}}