{"id":1879,"date":"2022-05-04T16:02:17","date_gmt":"2022-05-04T14:02:17","guid":{"rendered":"https:\/\/agora.xtec.cat\/insvoltrera\/?p=1879"},"modified":"2022-05-04T19:40:20","modified_gmt":"2022-05-04T17:40:20","slug":"lets-clean-up-europe","status":"publish","type":"post","link":"https:\/\/agora.xtec.cat\/insvoltrera\/eso\/lets-clean-up-europe\/","title":{"rendered":"Let&#8217;s Clean Up Europe"},"content":{"rendered":"<p><span style=\"color: #333399;\">El proper 7 de maig l\u2019<strong>Ajuntament d\u2019Abrera<\/strong>\u00a0 dur\u00e0 a terme la jornada <a href=\"https:\/\/www.ajuntamentabrera.cat\/pl195\/actualitat\/noticies\/id4571\/el-proper-dissabte-7-de-maig-organitzem-una-nova-jornada-de-neteja-de-l-entorn-natural-del-nostre-municipi-dins-les-jornades-let-s-clean-up-europe.htm\" target=\"_blank\" rel=\"noopener\"><strong>neteja de l&#8217;entorn natural del nostre municipi<\/strong><\/a> dins les jornades &#8216;<a href=\"https:\/\/www.ajuntamentabrera.cat\/pl195\/actualitat\/noticies\/id4571\/el-proper-dissabte-7-de-maig-organitzem-una-nova-jornada-de-neteja-de-l-entorn-natural-del-nostre-municipi-dins-les-jornades-let-s-clean-up-europe.htm\" target=\"_blank\" rel=\"noopener\"><strong>Let&#8217;s Clean Up Europe<\/strong><\/a>&#8216;.<\/span><\/p>\n<p><span style=\"color: #333399;\">L\u2019alumnat de <strong>2n ESO<\/strong> iniciar\u00e0 el proper 10 de maig el Treball de s\u00edntesi, emmarcat en la tem\u00e0tica del reciclatge, coincidint amb la iniciativa impulsada per l\u2019Ag\u00e8ncia de Residus a Catalunya des de les jornades <a href=\"https:\/\/www.ajuntamentabrera.cat\/pl195\/actualitat\/noticies\/id4571\/el-proper-dissabte-7-de-maig-organitzem-una-nova-jornada-de-neteja-de-l-entorn-natural-del-nostre-municipi-dins-les-jornades-let-s-clean-up-europe.htm\" target=\"_blank\" rel=\"noopener\"><strong>Let&#8217;s Clean Up Europe<\/strong><\/a>.\u00a0<\/span><\/p>\n<p><strong>Les jornades de neteja serveixen per conscienciar a la poblaci\u00f3 sobre la problem\u00e0tica global dels residus que s&#8217;aboquen a la natura i alhora promoure accions de sensibilitzaci\u00f3 a trav\u00e9s de la recollida selectiva.<\/strong><\/p>\n<p style=\"text-align: center;\"><a href=\"https:\/\/www.ajuntamentabrera.cat\/pl195\/actualitat\/noticies\/id4571\/el-proper-dissabte-7-de-maig-organitzem-una-nova-jornada-de-neteja-de-l-entorn-natural-del-nostre-municipi-dins-les-jornades-let-s-clean-up-europe.htm\" target=\"_blank\" rel=\"noopener\"><img loading=\"lazy\" decoding=\"async\" class=\"alignnone size-full wp-image-1884\" src=\"https:\/\/agora.xtec.cat\/insvoltrera\/wp-content\/uploads\/usu2424\/2022\/05\/let_clean_Europe.jpg\" alt=\"\" width=\"518\" height=\"388\" srcset=\"https:\/\/agora.xtec.cat\/insvoltrera\/wp-content\/uploads\/usu2424\/2022\/05\/let_clean_Europe.jpg 518w, https:\/\/agora.xtec.cat\/insvoltrera\/wp-content\/uploads\/usu2424\/2022\/05\/let_clean_Europe-300x225.jpg 300w, https:\/\/agora.xtec.cat\/insvoltrera\/wp-content\/uploads\/usu2424\/2022\/05\/let_clean_Europe-200x150.jpg 200w\" sizes=\"auto, (max-width: 518px) 100vw, 518px\" \/><\/a><\/p>\n<p>&nbsp;<\/p>\n<p>&nbsp;<\/p>\n<p>&nbsp;<\/p>\n","protected":false},"excerpt":{"rendered":"<p>El proper 7 de maig l\u2019Ajuntament d\u2019Abrera\u00a0 dur\u00e0 a terme la jornada <a href=\"https:\/\/www.ajuntamentabrera.cat\/pl195\/actualitat\/noticies\/id4571\/el-proper-dissabte-7-de-maig-organitzem-una-nova-jornada-de-neteja-de-l-entorn-natural-del-nostre-municipi-dins-les-jornades-let-s-clean-up-europe.htm\" target=\"_blank\" rel=\"noopener\">neteja de l&#8217;entorn natural del nostre municipi<\/a> dins les jornades &#8216;<a href=\"https:\/\/www.ajuntamentabrera.cat\/pl195\/actualitat\/noticies\/id4571\/el-proper-dissabte-7-de-maig-organitzem-una-nova-jornada-de-neteja-de-l-entorn-natural-del-nostre-municipi-dins-les-jornades-let-s-clean-up-europe.htm\" target=\"_blank\" rel=\"noopener\">Let&#8217;s Clean Up Europe<\/a>&#8216;.<br \/>\nL\u2019alumnat de 2n ESO iniciar\u00e0 el proper 10 de maig el Treball de s\u00edntesi,&hellip;  <a href=\"https:\/\/agora.xtec.cat\/insvoltrera\/eso\/lets-clean-up-europe\/\" title=\"Read Let&#8217;s Clean Up Europe\">Llegeix m\u00e9s\u00bb<\/a><\/p>\n","protected":false},"author":3,"featured_media":0,"comment_status":"open","ping_status":"closed","sticky":false,"template":"","format":"standard","meta":{"_bbp_topic_count":0,"_bbp_reply_count":0,"_bbp_total_topic_count":0,"_bbp_total_reply_count":0,"_bbp_voice_count":0,"_bbp_anonymous_reply_count":0,"_bbp_topic_count_hidden":0,"_bbp_reply_count_hidden":0,"_bbp_forum_subforum_count":0,"footnotes":""},"categories":[3,29,117],"tags":[],"class_list":["post-1879","post","type-post","status-publish","format-standard","hentry","category-eso","category-portada","category-salut-i-escola"],"post_mailing_queue_ids":[],"_links":{"self":[{"href":"https:\/\/agora.xtec.cat\/insvoltrera\/wp-json\/wp\/v2\/posts\/1879","targetHints":{"allow":["GET"]}}],"collection":[{"href":"https:\/\/agora.xtec.cat\/insvoltrera\/wp-json\/wp\/v2\/posts"}],"about":[{"href":"https:\/\/agora.xtec.cat\/insvoltrera\/wp-json\/wp\/v2\/types\/post"}],"author":[{"embeddable":true,"href":"https:\/\/agora.xtec.cat\/insvoltrera\/wp-json\/wp\/v2\/users\/3"}],"replies":[{"embeddable":true,"href":"https:\/\/agora.xtec.cat\/insvoltrera\/wp-json\/wp\/v2\/comments?post=1879"}],"version-history":[{"count":3,"href":"https:\/\/agora.xtec.cat\/insvoltrera\/wp-json\/wp\/v2\/posts\/1879\/revisions"}],"predecessor-version":[{"id":1885,"href":"https:\/\/agora.xtec.cat\/insvoltrera\/wp-json\/wp\/v2\/posts\/1879\/revisions\/1885"}],"wp:attachment":[{"href":"https:\/\/agora.xtec.cat\/insvoltrera\/wp-json\/wp\/v2\/media?parent=1879"}],"wp:term":[{"taxonomy":"category","embeddable":true,"href":"https:\/\/agora.xtec.cat\/insvoltrera\/wp-json\/wp\/v2\/categories?post=1879"},{"taxonomy":"post_tag","embeddable":true,"href":"https:\/\/agora.xtec.cat\/insvoltrera\/wp-json\/wp\/v2\/tags?post=1879"}],"curies":[{"name":"wp","href":"https:\/\/api.w.org\/{rel}","templated":true}]}}