{"id":1875,"date":"2022-05-04T10:32:45","date_gmt":"2022-05-04T08:32:45","guid":{"rendered":"https:\/\/agora.xtec.cat\/insvoltrera\/?p=1875"},"modified":"2022-05-04T10:34:13","modified_gmt":"2022-05-04T08:34:13","slug":"xerrada-informativa-el-dilluns-9-per-explicar-treball-sintesi-1reso","status":"publish","type":"post","link":"https:\/\/agora.xtec.cat\/insvoltrera\/portada\/xerrada-informativa-el-dilluns-9-per-explicar-treball-sintesi-1reso\/","title":{"rendered":"Xerrada informativa el dilluns 9 per explicar Treball S\u00edntesi 1rESO"},"content":{"rendered":"<p><span style=\"color: #000080;\">Benvolgudes fam\u00edlies,<\/span><\/p>\n<p><span style=\"color: #000080;\">Estem entrant en la recta final d&#8217;aquest<strong> 1r d&#8217;ESO<\/strong> i dins d&#8217;aquesta hi ha la realitzaci\u00f3 del <strong>Treball de s\u00edntesi<\/strong> que es dur\u00e0 a terme del dimarts 10 al dilluns 16 de maig.<\/span><\/p>\n<p><span style=\"color: #000080;\">A causa de la novetat que suposa el treball de s\u00edntesi per a algunes fam\u00edlies,\u00a0 us convoquem a la xerrada informativa\u00a0\u00a0<strong>el dilluns 9<\/strong>\u00a0per explicar i resoldre els dubtes que sobre el tema tingueu.<\/span><\/p>\n<p><span style=\"color: #000080;\">Preguen que ens confirmeu la vostra assist\u00e8ncia donant resposta al formulari seg\u00fcent.\u00a0La xerrada se celebrar\u00e0 a\u00a0 l&#8217;institut, a la seu principal (passeig de l&#8217;estaci\u00f3, 18).\u00a0Horari: de les\u00a0\u00a0<strong>15.15 h a les 16.15\u00a0h.<\/strong><\/span><\/p>\n<p style=\"text-align: center;\"><span style=\"color: #000080;\"><strong><a style=\"color: #000080;\" href=\"https:\/\/forms.gle\/C4w6VpRFdC9DFAYPA\">\u00a0FORMULARI<\/a><\/strong><\/span><\/p>\n<p><span style=\"color: #000080;\">\u00a0Us hi esperem<\/span><\/p>\n<p><span style=\"color: #000080;\">Carme Agust\u00ed Botarda<\/span><br \/>\n<span style=\"color: #000080;\">Cap d&#8217;estudis adjunta<\/span><\/p>\n","protected":false},"excerpt":{"rendered":"<p>Benvolgudes fam\u00edlies,<br \/>\nEstem entrant en la recta final d&#8217;aquest 1r d&#8217;ESO i dins d&#8217;aquesta hi ha la realitzaci\u00f3 del Treball de s\u00edntesi que es dur\u00e0 a terme del dimarts 10 al dilluns 16 de maig.<br \/>\nA causa de la novetat que suposa el treball de s\u00edntesi per&hellip;  <a href=\"https:\/\/agora.xtec.cat\/insvoltrera\/portada\/xerrada-informativa-el-dilluns-9-per-explicar-treball-sintesi-1reso\/\" title=\"Read Xerrada informativa el dilluns 9 per explicar Treball S\u00edntesi 1rESO\">Llegeix m\u00e9s\u00bb<\/a><\/p>\n","protected":false},"author":3,"featured_media":0,"comment_status":"open","ping_status":"closed","sticky":false,"template":"","format":"standard","meta":{"_bbp_topic_count":0,"_bbp_reply_count":0,"_bbp_total_topic_count":0,"_bbp_total_reply_count":0,"_bbp_voice_count":0,"_bbp_anonymous_reply_count":0,"_bbp_topic_count_hidden":0,"_bbp_reply_count_hidden":0,"_bbp_forum_subforum_count":0,"footnotes":""},"categories":[29],"tags":[],"class_list":["post-1875","post","type-post","status-publish","format-standard","hentry","category-portada"],"post_mailing_queue_ids":[],"_links":{"self":[{"href":"https:\/\/agora.xtec.cat\/insvoltrera\/wp-json\/wp\/v2\/posts\/1875","targetHints":{"allow":["GET"]}}],"collection":[{"href":"https:\/\/agora.xtec.cat\/insvoltrera\/wp-json\/wp\/v2\/posts"}],"about":[{"href":"https:\/\/agora.xtec.cat\/insvoltrera\/wp-json\/wp\/v2\/types\/post"}],"author":[{"embeddable":true,"href":"https:\/\/agora.xtec.cat\/insvoltrera\/wp-json\/wp\/v2\/users\/3"}],"replies":[{"embeddable":true,"href":"https:\/\/agora.xtec.cat\/insvoltrera\/wp-json\/wp\/v2\/comments?post=1875"}],"version-history":[{"count":3,"href":"https:\/\/agora.xtec.cat\/insvoltrera\/wp-json\/wp\/v2\/posts\/1875\/revisions"}],"predecessor-version":[{"id":1878,"href":"https:\/\/agora.xtec.cat\/insvoltrera\/wp-json\/wp\/v2\/posts\/1875\/revisions\/1878"}],"wp:attachment":[{"href":"https:\/\/agora.xtec.cat\/insvoltrera\/wp-json\/wp\/v2\/media?parent=1875"}],"wp:term":[{"taxonomy":"category","embeddable":true,"href":"https:\/\/agora.xtec.cat\/insvoltrera\/wp-json\/wp\/v2\/categories?post=1875"},{"taxonomy":"post_tag","embeddable":true,"href":"https:\/\/agora.xtec.cat\/insvoltrera\/wp-json\/wp\/v2\/tags?post=1875"}],"curies":[{"name":"wp","href":"https:\/\/api.w.org\/{rel}","templated":true}]}}