{"id":1853,"date":"2022-04-22T12:45:54","date_gmt":"2022-04-22T10:45:54","guid":{"rendered":"https:\/\/agora.xtec.cat\/insvoltrera\/?p=1853"},"modified":"2023-04-20T23:32:18","modified_gmt":"2023-04-20T21:32:18","slug":"finalistes-fotografia-matematica-2022","status":"publish","type":"post","link":"https:\/\/agora.xtec.cat\/insvoltrera\/eso\/finalistes-fotografia-matematica-2022\/","title":{"rendered":"Finalistes Fotografia Matem\u00e0tica 2022"},"content":{"rendered":"<p><span style=\"color: #333399;\">Felicitar a tots i totes qui han compartit la seva <em>mirada matem\u00e0tica<\/em> participant en el 23\u00e8 concurs de fotografia matem\u00e0tica.<\/span><\/p>\n<p><span style=\"color: #333399;\">A continuaci\u00f3 podeu visualitzar les fotografies finalistes de cada categoria.<\/span><\/p>\n<p><iframe loading=\"lazy\" title=\"Finalistes FotografiaMatem\u00e0tica 2022. Voltrera\" width=\"500\" height=\"281\" src=\"https:\/\/www.youtube.com\/embed\/SiWmZHxyh1w?feature=oembed\" frameborder=\"0\" allow=\"accelerometer; autoplay; clipboard-write; encrypted-media; gyroscope; picture-in-picture; web-share\" referrerpolicy=\"strict-origin-when-cross-origin\" allowfullscreen><\/iframe><\/p>\n","protected":false},"excerpt":{"rendered":"<p>Felicitar a tots i totes qui han compartit la seva mirada matem\u00e0tica participant en el 23\u00e8 concurs de fotografia matem\u00e0tica.<br \/>\nA continuaci\u00f3 podeu visualitzar les fotografies finalistes de cada categoria.<\/p>\n","protected":false},"author":3,"featured_media":1855,"comment_status":"open","ping_status":"closed","sticky":false,"template":"","format":"standard","meta":{"_bbp_topic_count":0,"_bbp_reply_count":0,"_bbp_total_topic_count":0,"_bbp_total_reply_count":0,"_bbp_voice_count":0,"_bbp_anonymous_reply_count":0,"_bbp_topic_count_hidden":0,"_bbp_reply_count_hidden":0,"_bbp_forum_subforum_count":0,"footnotes":""},"categories":[8,120,3,109,29],"tags":[],"class_list":["post-1853","post","type-post","status-publish","format-standard","has-post-thumbnail","hentry","category-batxillerat","category-diada-sant-jordi","category-eso","category-matematic","category-portada"],"post_mailing_queue_ids":[],"_links":{"self":[{"href":"https:\/\/agora.xtec.cat\/insvoltrera\/wp-json\/wp\/v2\/posts\/1853","targetHints":{"allow":["GET"]}}],"collection":[{"href":"https:\/\/agora.xtec.cat\/insvoltrera\/wp-json\/wp\/v2\/posts"}],"about":[{"href":"https:\/\/agora.xtec.cat\/insvoltrera\/wp-json\/wp\/v2\/types\/post"}],"author":[{"embeddable":true,"href":"https:\/\/agora.xtec.cat\/insvoltrera\/wp-json\/wp\/v2\/users\/3"}],"replies":[{"embeddable":true,"href":"https:\/\/agora.xtec.cat\/insvoltrera\/wp-json\/wp\/v2\/comments?post=1853"}],"version-history":[{"count":1,"href":"https:\/\/agora.xtec.cat\/insvoltrera\/wp-json\/wp\/v2\/posts\/1853\/revisions"}],"predecessor-version":[{"id":1854,"href":"https:\/\/agora.xtec.cat\/insvoltrera\/wp-json\/wp\/v2\/posts\/1853\/revisions\/1854"}],"wp:featuredmedia":[{"embeddable":true,"href":"https:\/\/agora.xtec.cat\/insvoltrera\/wp-json\/wp\/v2\/media\/1855"}],"wp:attachment":[{"href":"https:\/\/agora.xtec.cat\/insvoltrera\/wp-json\/wp\/v2\/media?parent=1853"}],"wp:term":[{"taxonomy":"category","embeddable":true,"href":"https:\/\/agora.xtec.cat\/insvoltrera\/wp-json\/wp\/v2\/categories?post=1853"},{"taxonomy":"post_tag","embeddable":true,"href":"https:\/\/agora.xtec.cat\/insvoltrera\/wp-json\/wp\/v2\/tags?post=1853"}],"curies":[{"name":"wp","href":"https:\/\/api.w.org\/{rel}","templated":true}]}}