{"id":1662,"date":"2022-01-31T10:35:33","date_gmt":"2022-01-31T09:35:33","guid":{"rendered":"https:\/\/agora.xtec.cat\/insvoltrera\/?p=1662"},"modified":"2022-01-31T10:35:54","modified_gmt":"2022-01-31T09:35:54","slug":"diploma-de-participacio-a-la-marato","status":"publish","type":"post","link":"https:\/\/agora.xtec.cat\/insvoltrera\/portada\/diploma-de-participacio-a-la-marato\/","title":{"rendered":"Diploma de participaci\u00f3 a la Marat\u00f3"},"content":{"rendered":"<p>&nbsp;<\/p>\n<p style=\"text-align: left;\"><strong><span style=\"color: #3366ff;\">La fundaci\u00f3 de la Marat\u00f3 de TV3 agraeix a l&#8217;Institut Voltrera la seva col\u00b7laboraci\u00f3 a la 30a edici\u00f3 de la Marat\u00f3.<\/span><\/strong><\/p>\n<p>&nbsp;<\/p>\n<p><a href=\"https:\/\/agora.xtec.cat\/insvoltrera\/wp-content\/uploads\/usu2424\/2022\/01\/diploma-participacioMarato_2021.jpg\"><img loading=\"lazy\" decoding=\"async\" class=\"alignnone size-large wp-image-1663\" src=\"https:\/\/agora.xtec.cat\/insvoltrera\/wp-content\/uploads\/usu2424\/2022\/01\/diploma-participacioMarato_2021-1024x725.jpg\" alt=\"\" width=\"1024\" height=\"725\" srcset=\"https:\/\/agora.xtec.cat\/insvoltrera\/wp-content\/uploads\/usu2424\/2022\/01\/diploma-participacioMarato_2021-1024x725.jpg 1024w, https:\/\/agora.xtec.cat\/insvoltrera\/wp-content\/uploads\/usu2424\/2022\/01\/diploma-participacioMarato_2021-300x212.jpg 300w, https:\/\/agora.xtec.cat\/insvoltrera\/wp-content\/uploads\/usu2424\/2022\/01\/diploma-participacioMarato_2021-768x543.jpg 768w, https:\/\/agora.xtec.cat\/insvoltrera\/wp-content\/uploads\/usu2424\/2022\/01\/diploma-participacioMarato_2021.jpg 1122w\" sizes=\"auto, (max-width: 1024px) 100vw, 1024px\" \/><\/a><\/p>\n","protected":false},"excerpt":{"rendered":"<p>&nbsp;<br \/>\nLa fundaci\u00f3 de la Marat\u00f3 de TV3 agraeix a l&#8217;Institut Voltrera la seva col\u00b7laboraci\u00f3 a la 30a edici\u00f3 de la Marat\u00f3.<br \/>\n&nbsp;<br \/>\n<a href=\"https:\/\/agora.xtec.cat\/insvoltrera\/wp-content\/uploads\/usu2424\/2022\/01\/diploma-participacioMarato_2021.jpg\"><\/a><\/p>\n","protected":false},"author":3,"featured_media":0,"comment_status":"open","ping_status":"closed","sticky":false,"template":"","format":"standard","meta":{"_bbp_topic_count":0,"_bbp_reply_count":0,"_bbp_total_topic_count":0,"_bbp_total_reply_count":0,"_bbp_voice_count":0,"_bbp_anonymous_reply_count":0,"_bbp_topic_count_hidden":0,"_bbp_reply_count_hidden":0,"_bbp_forum_subforum_count":0,"footnotes":""},"categories":[29,117],"tags":[],"class_list":["post-1662","post","type-post","status-publish","format-standard","hentry","category-portada","category-salut-i-escola"],"post_mailing_queue_ids":[],"_links":{"self":[{"href":"https:\/\/agora.xtec.cat\/insvoltrera\/wp-json\/wp\/v2\/posts\/1662","targetHints":{"allow":["GET"]}}],"collection":[{"href":"https:\/\/agora.xtec.cat\/insvoltrera\/wp-json\/wp\/v2\/posts"}],"about":[{"href":"https:\/\/agora.xtec.cat\/insvoltrera\/wp-json\/wp\/v2\/types\/post"}],"author":[{"embeddable":true,"href":"https:\/\/agora.xtec.cat\/insvoltrera\/wp-json\/wp\/v2\/users\/3"}],"replies":[{"embeddable":true,"href":"https:\/\/agora.xtec.cat\/insvoltrera\/wp-json\/wp\/v2\/comments?post=1662"}],"version-history":[{"count":2,"href":"https:\/\/agora.xtec.cat\/insvoltrera\/wp-json\/wp\/v2\/posts\/1662\/revisions"}],"predecessor-version":[{"id":1665,"href":"https:\/\/agora.xtec.cat\/insvoltrera\/wp-json\/wp\/v2\/posts\/1662\/revisions\/1665"}],"wp:attachment":[{"href":"https:\/\/agora.xtec.cat\/insvoltrera\/wp-json\/wp\/v2\/media?parent=1662"}],"wp:term":[{"taxonomy":"category","embeddable":true,"href":"https:\/\/agora.xtec.cat\/insvoltrera\/wp-json\/wp\/v2\/categories?post=1662"},{"taxonomy":"post_tag","embeddable":true,"href":"https:\/\/agora.xtec.cat\/insvoltrera\/wp-json\/wp\/v2\/tags?post=1662"}],"curies":[{"name":"wp","href":"https:\/\/api.w.org\/{rel}","templated":true}]}}