{"id":1585,"date":"2021-12-03T23:39:45","date_gmt":"2021-12-03T22:39:45","guid":{"rendered":"https:\/\/agora.xtec.cat\/insvoltrera\/?p=1585"},"modified":"2021-12-03T23:42:34","modified_gmt":"2021-12-03T22:42:34","slug":"resultats-eleccions-al-consell-escolar","status":"publish","type":"post","link":"https:\/\/agora.xtec.cat\/insvoltrera\/general\/resultats-eleccions-al-consell-escolar\/","title":{"rendered":"Resultats eleccions al Consell Escolar"},"content":{"rendered":"<p><span style=\"color: #333399; font-family: verdana;\"><br \/>\nCANDIDATS ELECTES<\/span><\/p>\n<table style=\"border-collapse: collapse; width: 91.4866%;\">\n<tbody>\n<tr>\n<td style=\"width: 33.8058%;\">\n<h5><strong><span style=\"color: #333399; font-family: verdana;\">Mares\/Pares<\/span><\/strong><\/h5>\n<\/td>\n<td style=\"width: 68.6053%;\"><span style=\"color: #333333;\"><strong>CAROLINA ROMO ACEDO<\/strong><\/span><\/td>\n<\/tr>\n<tr>\n<td style=\"width: 33.8058%;\">\n<h5><strong><span style=\"color: #333399; font-family: verdana;\">Alumnat<\/span><\/strong><\/h5>\n<\/td>\n<td style=\"width: 68.6053%;\"><span style=\"color: #333333;\"><strong>OLALLA MART\u00cdNEZ RODR\u00cdGUEZ (3r F)<\/strong><\/span><\/p>\n<p><span style=\"color: #333333;\"><strong>AINHARA MART\u00cdNEZ ROMO (3r A)<\/strong><\/span><\/p>\n<p><span style=\"color: #333333;\"><strong>ALEX PLANA BELTR\u00c1N (4t E)<\/strong><\/span><\/td>\n<\/tr>\n<tr>\n<td style=\"width: 33.8058%;\">\n<h5><strong><span style=\"color: #333399; font-family: verdana;\">Professorat\u00a0<\/span><\/strong><\/h5>\n<\/td>\n<td style=\"width: 68.6053%;\"><span style=\"color: #333333;\"><strong>CRISTINA GARC\u00cdA PONS<\/strong><\/span><\/p>\n<p><span style=\"color: #333333;\"><strong>SERGIO MORALES VELASCO<\/strong><\/span><\/p>\n<p><span style=\"color: #333333;\"><strong>PATR\u00cdCIA MORENO QUI\u00d1ONES<\/strong><\/span><\/td>\n<\/tr>\n<\/tbody>\n<\/table>\n<p><span style=\"color: #333399; font-family: verdana;\"><br \/>\n<\/span>CONSTITUCI\u00d3 del Consell Escolar i presa de possessi\u00f3 dels seus membres: no m\u00e9s tard del dia 20 de desembre de 2021<\/p>\n","protected":false},"excerpt":{"rendered":"<p>CANDIDATS ELECTES<\/p>\n<p>Mares\/Pares<\/p>\n<p>CAROLINA ROMO ACEDO<\/p>\n<p>Alumnat<\/p>\n<p>OLALLA MART\u00cdNEZ RODR\u00cdGUEZ (3r F)<br \/>\nAINHARA MART\u00cdNEZ ROMO (3r A)<br \/>\nALEX PLANA BELTR\u00c1N (4t E)<\/p>\n<p>Professorat\u00a0<\/p>\n<p>CRISTINA GARC\u00cdA PONS<br \/>\nSERGIO MORALES VELASCO<br \/>\nPATR\u00cdCIA MORENO QUI\u00d1ONES<\/p>\n<p>CONSTITUCI\u00d3 del Consell Escolar i presa de possessi\u00f3 dels seus membres: no m\u00e9s tard del dia 20 de desembre de 2021<\/p>\n","protected":false},"author":3,"featured_media":0,"comment_status":"open","ping_status":"closed","sticky":false,"template":"","format":"standard","meta":{"_bbp_topic_count":0,"_bbp_reply_count":0,"_bbp_total_topic_count":0,"_bbp_total_reply_count":0,"_bbp_voice_count":0,"_bbp_anonymous_reply_count":0,"_bbp_topic_count_hidden":0,"_bbp_reply_count_hidden":0,"_bbp_forum_subforum_count":0,"footnotes":""},"categories":[31,1,29],"tags":[],"class_list":["post-1585","post","type-post","status-publish","format-standard","hentry","category-afa","category-general","category-portada"],"post_mailing_queue_ids":[],"_links":{"self":[{"href":"https:\/\/agora.xtec.cat\/insvoltrera\/wp-json\/wp\/v2\/posts\/1585","targetHints":{"allow":["GET"]}}],"collection":[{"href":"https:\/\/agora.xtec.cat\/insvoltrera\/wp-json\/wp\/v2\/posts"}],"about":[{"href":"https:\/\/agora.xtec.cat\/insvoltrera\/wp-json\/wp\/v2\/types\/post"}],"author":[{"embeddable":true,"href":"https:\/\/agora.xtec.cat\/insvoltrera\/wp-json\/wp\/v2\/users\/3"}],"replies":[{"embeddable":true,"href":"https:\/\/agora.xtec.cat\/insvoltrera\/wp-json\/wp\/v2\/comments?post=1585"}],"version-history":[{"count":3,"href":"https:\/\/agora.xtec.cat\/insvoltrera\/wp-json\/wp\/v2\/posts\/1585\/revisions"}],"predecessor-version":[{"id":1592,"href":"https:\/\/agora.xtec.cat\/insvoltrera\/wp-json\/wp\/v2\/posts\/1585\/revisions\/1592"}],"wp:attachment":[{"href":"https:\/\/agora.xtec.cat\/insvoltrera\/wp-json\/wp\/v2\/media?parent=1585"}],"wp:term":[{"taxonomy":"category","embeddable":true,"href":"https:\/\/agora.xtec.cat\/insvoltrera\/wp-json\/wp\/v2\/categories?post=1585"},{"taxonomy":"post_tag","embeddable":true,"href":"https:\/\/agora.xtec.cat\/insvoltrera\/wp-json\/wp\/v2\/tags?post=1585"}],"curies":[{"name":"wp","href":"https:\/\/api.w.org\/{rel}","templated":true}]}}