{"id":1578,"date":"2021-12-02T23:02:19","date_gmt":"2021-12-02T22:02:19","guid":{"rendered":"https:\/\/agora.xtec.cat\/insvoltrera\/?p=1578"},"modified":"2021-12-09T15:33:22","modified_gmt":"2021-12-09T14:33:22","slug":"un-origami-un-euro","status":"publish","type":"post","link":"https:\/\/agora.xtec.cat\/insvoltrera\/eso\/un-origami-un-euro\/","title":{"rendered":"Un origami, un euro"},"content":{"rendered":"<p><span style=\"color: #333399; font-family: verdana;\">L&#8217;institut <strong>Voltrera<\/strong>, un any m\u00e9s, participa activament en una campanya <strong>solid\u00e0ria<\/strong> per col\u00b7laborar en el recapte de la <strong>Marat\u00f3 de TV3. <\/strong>El tema previst per la Marat\u00f3 d&#8217;enguany \u00e9s el de les<strong> malaties mentals<\/strong>.<\/span><\/p>\n<p>Des de les tutories, els alumnes faran origamis participant en la campanya &#8220;<strong>1 origami, 1 euro<\/strong>&#8220;. Per fer la vostra grua nom\u00e9s necessiteu un paper quadrat i una mica de paci\u00e8ncia. Coneix la <strong>hist\u00f2ria<\/strong> de les<span style=\"color: #3366ff;\"> <a style=\"color: #3366ff;\" href=\"https:\/\/youtu.be\/7HaZeUQQzrw\">Grues de la Pau<\/a><\/span><\/p>\n<p><iframe loading=\"lazy\" title=\"Fes la teva grua de paper \/ Haz tu grulla de papel\" width=\"500\" height=\"281\" src=\"https:\/\/www.youtube.com\/embed\/dc5zzfrIV5E?feature=oembed\" frameborder=\"0\" allow=\"accelerometer; autoplay; clipboard-write; encrypted-media; gyroscope; picture-in-picture; web-share\" referrerpolicy=\"strict-origin-when-cross-origin\" allowfullscreen><\/iframe><\/p>\n<table style=\"width: 93.2908%;\">\n<tbody>\n<tr>\n<td style=\"width: 47.7108%;\"><a href=\"http:\/\/www.1origami1euro.org\/1origami1euro\/\"><img loading=\"lazy\" decoding=\"async\" class=\"wp-image-555 aligncenter\" src=\"https:\/\/agora.xtec.cat\/iesvoltrera\/wp-content\/uploads\/usu2424\/2020\/11\/origami_euro.jpg\" alt=\"\" width=\"399\" height=\"300\" srcset=\"https:\/\/agora.xtec.cat\/insvoltrera\/wp-content\/uploads\/usu2424\/2020\/11\/origami_euro.jpg 800w, https:\/\/agora.xtec.cat\/insvoltrera\/wp-content\/uploads\/usu2424\/2020\/11\/origami_euro-300x225.jpg 300w, https:\/\/agora.xtec.cat\/insvoltrera\/wp-content\/uploads\/usu2424\/2020\/11\/origami_euro-768x576.jpg 768w, https:\/\/agora.xtec.cat\/insvoltrera\/wp-content\/uploads\/usu2424\/2020\/11\/origami_euro-200x150.jpg 200w\" sizes=\"auto, (max-width: 399px) 100vw, 399px\" \/><\/a><\/td>\n<td style=\"width: 53.8517%;\"><a href=\"https:\/\/www.ccma.cat\/tv3\/marato\/2020\/250\/\"><img loading=\"lazy\" decoding=\"async\" class=\"wp-image-556 aligncenter\" src=\"https:\/\/agora.xtec.cat\/iesvoltrera\/wp-content\/uploads\/usu2424\/2020\/11\/marato_2020.jpg\" alt=\"\" width=\"513\" height=\"289\" srcset=\"https:\/\/agora.xtec.cat\/insvoltrera\/wp-content\/uploads\/usu2424\/2020\/11\/marato_2020.jpg 756w, https:\/\/agora.xtec.cat\/insvoltrera\/wp-content\/uploads\/usu2424\/2020\/11\/marato_2020-300x169.jpg 300w\" sizes=\"auto, (max-width: 513px) 100vw, 513px\" \/><\/a><\/td>\n<\/tr>\n<\/tbody>\n<\/table>\n<p>&nbsp;<\/p>\n","protected":false},"excerpt":{"rendered":"<p>L&#8217;institut Voltrera, un any m\u00e9s, participa activament en una campanya solid\u00e0ria per col\u00b7laborar en el recapte de la Marat\u00f3 de TV3. El tema previst per la Marat\u00f3 d&#8217;enguany \u00e9s el de les malaties mentals.<br \/>\nDes de les tutories, els alumnes faran origamis participant en la campanya&hellip;  <a href=\"https:\/\/agora.xtec.cat\/insvoltrera\/eso\/un-origami-un-euro\/\" title=\"Read Un origami, un euro\">Llegeix m\u00e9s\u00bb<\/a><\/p>\n","protected":false},"author":3,"featured_media":0,"comment_status":"open","ping_status":"closed","sticky":false,"template":"","format":"standard","meta":{"_bbp_topic_count":0,"_bbp_reply_count":0,"_bbp_total_topic_count":0,"_bbp_total_reply_count":0,"_bbp_voice_count":0,"_bbp_anonymous_reply_count":0,"_bbp_topic_count_hidden":0,"_bbp_reply_count_hidden":0,"_bbp_forum_subforum_count":0,"footnotes":""},"categories":[3,29],"tags":[],"class_list":["post-1578","post","type-post","status-publish","format-standard","hentry","category-eso","category-portada"],"post_mailing_queue_ids":[],"_links":{"self":[{"href":"https:\/\/agora.xtec.cat\/insvoltrera\/wp-json\/wp\/v2\/posts\/1578","targetHints":{"allow":["GET"]}}],"collection":[{"href":"https:\/\/agora.xtec.cat\/insvoltrera\/wp-json\/wp\/v2\/posts"}],"about":[{"href":"https:\/\/agora.xtec.cat\/insvoltrera\/wp-json\/wp\/v2\/types\/post"}],"author":[{"embeddable":true,"href":"https:\/\/agora.xtec.cat\/insvoltrera\/wp-json\/wp\/v2\/users\/3"}],"replies":[{"embeddable":true,"href":"https:\/\/agora.xtec.cat\/insvoltrera\/wp-json\/wp\/v2\/comments?post=1578"}],"version-history":[{"count":3,"href":"https:\/\/agora.xtec.cat\/insvoltrera\/wp-json\/wp\/v2\/posts\/1578\/revisions"}],"predecessor-version":[{"id":1593,"href":"https:\/\/agora.xtec.cat\/insvoltrera\/wp-json\/wp\/v2\/posts\/1578\/revisions\/1593"}],"wp:attachment":[{"href":"https:\/\/agora.xtec.cat\/insvoltrera\/wp-json\/wp\/v2\/media?parent=1578"}],"wp:term":[{"taxonomy":"category","embeddable":true,"href":"https:\/\/agora.xtec.cat\/insvoltrera\/wp-json\/wp\/v2\/categories?post=1578"},{"taxonomy":"post_tag","embeddable":true,"href":"https:\/\/agora.xtec.cat\/insvoltrera\/wp-json\/wp\/v2\/tags?post=1578"}],"curies":[{"name":"wp","href":"https:\/\/api.w.org\/{rel}","templated":true}]}}