{"id":1029,"date":"2021-04-25T22:44:15","date_gmt":"2021-04-25T20:44:15","guid":{"rendered":"https:\/\/agora.xtec.cat\/insvoltrera\/?p=1029"},"modified":"2022-03-04T11:51:20","modified_gmt":"2022-03-04T10:51:20","slug":"concurs-de-fotografia-matematica-2","status":"publish","type":"post","link":"https:\/\/agora.xtec.cat\/insvoltrera\/eso\/concurs-de-fotografia-matematica-2\/","title":{"rendered":"Concurs de fotografia matem\u00e0tica"},"content":{"rendered":"<p><span style=\"color: #333399;\">Un any m\u00e9s, el departament de Matem\u00e0tiques, ha convocat el<strong> concurs de fotografia matem\u00e0tica<\/strong>.<\/span><\/p>\n<p><span style=\"color: #333399;\">Les fotografies guanyadores de cada nivell passen a participar al concurs de fotografia que organitza l\u2019ABEAM.<\/span><\/p>\n<p><span style=\"color: #333399;\">Felicitar a tots\/es el qui heu participat i heu fet possible, que es continu\u00ef celebrant. Especialment les fotografies que han estat guanyadores:<\/span><\/p>\n<table>\n<tbody>\n<tr>\n<td><span style=\"color: #333399;\"><strong>ESO 12<br \/>\n<\/strong><\/span><strong>Quadratura de l\u2019estrella<br \/>\n<\/strong>Toni Gonz\u00e1lez<\/td>\n<td><span style=\"color: #333399;\"><strong>ESO 34<br \/>\n<\/strong><\/span><strong>Geometria Pesquera<br \/>\n<\/strong>Adri\u00e1n Gamero<\/td>\n<td><span style=\"color: #333399;\"><strong>Batx<br \/>\n<\/strong><\/span><strong>Funci\u00f3 cOSinus<br \/>\n<\/strong>Leia Anton<\/td>\n<\/tr>\n<\/tbody>\n<\/table>\n<p><iframe loading=\"lazy\" title=\"FotografiaMatem\u00e0tica 2021 video Voltrera\" width=\"500\" height=\"281\" src=\"https:\/\/www.youtube.com\/embed\/Q_unCVrEJ3w?feature=oembed\" frameborder=\"0\" allow=\"accelerometer; autoplay; clipboard-write; encrypted-media; gyroscope; picture-in-picture; web-share\" referrerpolicy=\"strict-origin-when-cross-origin\" allowfullscreen><\/iframe><\/p>\n","protected":false},"excerpt":{"rendered":"<p>Un any m\u00e9s, el departament de Matem\u00e0tiques, ha convocat el concurs de fotografia matem\u00e0tica.<br \/>\nLes fotografies guanyadores de cada nivell passen a participar al concurs de fotografia que organitza l\u2019ABEAM.<br \/>\nFelicitar a tots\/es el qui heu participat i heu fet possible, que es continu\u00ef celebrant. Especialment les&hellip;  <a href=\"https:\/\/agora.xtec.cat\/insvoltrera\/eso\/concurs-de-fotografia-matematica-2\/\" title=\"Read Concurs de fotografia matem\u00e0tica\">Llegeix m\u00e9s\u00bb<\/a><\/p>\n","protected":false},"author":3,"featured_media":1030,"comment_status":"open","ping_status":"closed","sticky":false,"template":"","format":"standard","meta":{"_bbp_topic_count":0,"_bbp_reply_count":0,"_bbp_total_topic_count":0,"_bbp_total_reply_count":0,"_bbp_voice_count":0,"_bbp_anonymous_reply_count":0,"_bbp_topic_count_hidden":0,"_bbp_reply_count_hidden":0,"_bbp_forum_subforum_count":0,"footnotes":""},"categories":[8,3,109,29,114],"tags":[],"class_list":["post-1029","post","type-post","status-publish","format-standard","has-post-thumbnail","hentry","category-batxillerat","category-eso","category-matematic","category-portada","category-visual"],"post_mailing_queue_ids":[],"_links":{"self":[{"href":"https:\/\/agora.xtec.cat\/insvoltrera\/wp-json\/wp\/v2\/posts\/1029","targetHints":{"allow":["GET"]}}],"collection":[{"href":"https:\/\/agora.xtec.cat\/insvoltrera\/wp-json\/wp\/v2\/posts"}],"about":[{"href":"https:\/\/agora.xtec.cat\/insvoltrera\/wp-json\/wp\/v2\/types\/post"}],"author":[{"embeddable":true,"href":"https:\/\/agora.xtec.cat\/insvoltrera\/wp-json\/wp\/v2\/users\/3"}],"replies":[{"embeddable":true,"href":"https:\/\/agora.xtec.cat\/insvoltrera\/wp-json\/wp\/v2\/comments?post=1029"}],"version-history":[{"count":3,"href":"https:\/\/agora.xtec.cat\/insvoltrera\/wp-json\/wp\/v2\/posts\/1029\/revisions"}],"predecessor-version":[{"id":1720,"href":"https:\/\/agora.xtec.cat\/insvoltrera\/wp-json\/wp\/v2\/posts\/1029\/revisions\/1720"}],"wp:featuredmedia":[{"embeddable":true,"href":"https:\/\/agora.xtec.cat\/insvoltrera\/wp-json\/wp\/v2\/media\/1030"}],"wp:attachment":[{"href":"https:\/\/agora.xtec.cat\/insvoltrera\/wp-json\/wp\/v2\/media?parent=1029"}],"wp:term":[{"taxonomy":"category","embeddable":true,"href":"https:\/\/agora.xtec.cat\/insvoltrera\/wp-json\/wp\/v2\/categories?post=1029"},{"taxonomy":"post_tag","embeddable":true,"href":"https:\/\/agora.xtec.cat\/insvoltrera\/wp-json\/wp\/v2\/tags?post=1029"}],"curies":[{"name":"wp","href":"https:\/\/api.w.org\/{rel}","templated":true}]}}