{"id":1020,"date":"2021-04-20T08:29:40","date_gmt":"2021-04-20T06:29:40","guid":{"rendered":"https:\/\/agora.xtec.cat\/insvoltrera\/?p=1020"},"modified":"2021-04-30T09:08:21","modified_gmt":"2021-04-30T07:08:21","slug":"preinscripcio-i-matricula-batxillerat","status":"publish","type":"post","link":"https:\/\/agora.xtec.cat\/insvoltrera\/batxillerat\/preinscripcio-i-matricula-batxillerat\/","title":{"rendered":"Preinscripci\u00f3 i matr\u00edcula BATXILLERAT"},"content":{"rendered":"<p style=\"text-align: left;\">Publicaci\u00f3 inicial de places &#8211; 7 de maig<\/p>\n<p>Presentaci\u00f3 de sol\u00b7licituds ONLINE &#8211;\u00a011 a 17 de maig (l&#8217;alumnat que cursa 4t d&#8217;ESO a l&#8217;INS Voltrera NO ha de fer la preinscripci\u00f3 en l\u00ednia)<\/p>\n<p>Presentaci\u00f3 de documentaci\u00f3 &#8211; 18 de maig<\/p>\n<p>Publicaci\u00f3 del barem provisional &#8211; 8 de juny<\/p>\n<p>Reclamacions al barem provisional &#8211; 9 al 15 de juny<\/p>\n<p>Publicaci\u00f3 llistes amb reclamacions resoltes &#8211; 18 de juny<\/p>\n<p>Publicaci\u00f3 llistes ordenades &#8211; 23 de juny<\/p>\n<p>Publicaci\u00f3 llistes d&#8217;assignaci\u00f3 i llista d&#8217;espera &#8211; 9 de juliol<\/p>\n<p>MATRICULACI\u00d3 ORDIN\u00c0RIA BATXILLERAT- 12 al 16 de juliol<\/p>\n<p>MATRICULACI\u00d3 EXTRAORDIN\u00c0RIA BATXILLERAT &#8211; 7 al 10 de setembre<\/p>\n<p><a href=\"https:\/\/preinscripcio.gencat.cat\/ca\/estudis\/batxillerat\/inici\/\">Enlla\u00e7 espai web preinscripci\u00f3 &#8211; Departament d&#8217;Educaci\u00f3.<\/a><\/p>\n","protected":false},"excerpt":{"rendered":"<p>Publicaci\u00f3 inicial de places &#8211; 7 de maig<br \/>\nPresentaci\u00f3 de sol\u00b7licituds ONLINE &#8211;\u00a011 a 17 de maig (l&#8217;alumnat que cursa 4t d&#8217;ESO a l&#8217;INS Voltrera NO ha de fer la preinscripci\u00f3 en l\u00ednia)<br \/>\nPresentaci\u00f3 de documentaci\u00f3 &#8211; 18 de maig<br \/>\nPublicaci\u00f3 del barem provisional &#8211; 8 de juny<br \/>\nReclamacions&hellip;  <a href=\"https:\/\/agora.xtec.cat\/insvoltrera\/batxillerat\/preinscripcio-i-matricula-batxillerat\/\" title=\"Read Preinscripci\u00f3 i matr\u00edcula BATXILLERAT\">Llegeix m\u00e9s\u00bb<\/a><\/p>\n","protected":false},"author":4,"featured_media":0,"comment_status":"open","ping_status":"closed","sticky":false,"template":"","format":"standard","meta":{"_bbp_topic_count":0,"_bbp_reply_count":0,"_bbp_total_topic_count":0,"_bbp_total_reply_count":0,"_bbp_voice_count":0,"_bbp_anonymous_reply_count":0,"_bbp_topic_count_hidden":0,"_bbp_reply_count_hidden":0,"_bbp_forum_subforum_count":0,"footnotes":""},"categories":[8],"tags":[],"class_list":["post-1020","post","type-post","status-publish","format-standard","hentry","category-batxillerat"],"post_mailing_queue_ids":[],"_links":{"self":[{"href":"https:\/\/agora.xtec.cat\/insvoltrera\/wp-json\/wp\/v2\/posts\/1020","targetHints":{"allow":["GET"]}}],"collection":[{"href":"https:\/\/agora.xtec.cat\/insvoltrera\/wp-json\/wp\/v2\/posts"}],"about":[{"href":"https:\/\/agora.xtec.cat\/insvoltrera\/wp-json\/wp\/v2\/types\/post"}],"author":[{"embeddable":true,"href":"https:\/\/agora.xtec.cat\/insvoltrera\/wp-json\/wp\/v2\/users\/4"}],"replies":[{"embeddable":true,"href":"https:\/\/agora.xtec.cat\/insvoltrera\/wp-json\/wp\/v2\/comments?post=1020"}],"version-history":[{"count":3,"href":"https:\/\/agora.xtec.cat\/insvoltrera\/wp-json\/wp\/v2\/posts\/1020\/revisions"}],"predecessor-version":[{"id":1023,"href":"https:\/\/agora.xtec.cat\/insvoltrera\/wp-json\/wp\/v2\/posts\/1020\/revisions\/1023"}],"wp:attachment":[{"href":"https:\/\/agora.xtec.cat\/insvoltrera\/wp-json\/wp\/v2\/media?parent=1020"}],"wp:term":[{"taxonomy":"category","embeddable":true,"href":"https:\/\/agora.xtec.cat\/insvoltrera\/wp-json\/wp\/v2\/categories?post=1020"},{"taxonomy":"post_tag","embeddable":true,"href":"https:\/\/agora.xtec.cat\/insvoltrera\/wp-json\/wp\/v2\/tags?post=1020"}],"curies":[{"name":"wp","href":"https:\/\/api.w.org\/{rel}","templated":true}]}}