{"id":3,"count":302,"description":"ESO\r\n<div class=\"entry-content\">\r\n\r\nESO: Educaci\u00f3 Secund\u00e0ria obligat\u00f2ria\r\n<ul>\r\n \t<li>Primer cicle:\u00a01rESO i 2nESO (de 12 a 14 anys)<\/li>\r\n \t<li>Segon cicle:\u00a0 3rESO i 4tESO (de 14 a 16 anys)<\/li>\r\n<\/ul>\r\n&nbsp;\r\n\r\n<\/div>\r\n<a href=\"https:\/\/projectes.xtec.cat\/nou-curriculum\/educacio-basica\/\">Curriculum Educaci\u00f3 B\u00e0sica<\/a>","link":"https:\/\/agora.xtec.cat\/insvoltrera\/categoria\/eso\/","name":"ESO","slug":"eso","taxonomy":"category","parent":0,"meta":[],"_links":{"self":[{"href":"https:\/\/agora.xtec.cat\/insvoltrera\/wp-json\/wp\/v2\/categories\/3","targetHints":{"allow":["GET"]}}],"collection":[{"href":"https:\/\/agora.xtec.cat\/insvoltrera\/wp-json\/wp\/v2\/categories"}],"about":[{"href":"https:\/\/agora.xtec.cat\/insvoltrera\/wp-json\/wp\/v2\/taxonomies\/category"}],"wp:post_type":[{"href":"https:\/\/agora.xtec.cat\/insvoltrera\/wp-json\/wp\/v2\/posts?categories=3"}],"curies":[{"name":"wp","href":"https:\/\/api.w.org\/{rel}","templated":true}]}}