{"id":127,"count":0,"description":"<span style=\"color: #000080;\">La <strong>biblioteca<\/strong> de l'institut Voltrera \u00e9s un espai viu on l'alumnat troba el seu espai per llegir i fer altres tasques educatives.<\/span>\r\n\r\n<span style=\"color: #000080;\">La biblioteca \u00e9s un espai tranquil, de silenci, per a poder gaudir de tot all\u00f2 que vulguem llegir o consultar.<\/span>\r\n<table style=\"border-collapse: collapse; width: 100%;\">\r\n<tbody>\r\n<tr>\r\n<td style=\"width: 50%;\"><a href=\"https:\/\/agora.xtec.cat\/insvoltrera\/wp-content\/uploads\/usu2424\/2025\/05\/IMG_3491.jpg\"><img class=\"alignnone size-large wp-image-4362\" src=\"https:\/\/agora.xtec.cat\/insvoltrera\/wp-content\/uploads\/usu2424\/2025\/05\/IMG_3491-1024x768.jpg\" alt=\"\" width=\"1024\" height=\"768\" \/><\/a><\/td>\r\n<td style=\"width: 50%;\"><a href=\"https:\/\/agora.xtec.cat\/insvoltrera\/wp-content\/uploads\/usu2424\/2025\/05\/IMG_3490.jpg\"><img class=\"alignnone size-large wp-image-4363\" src=\"https:\/\/agora.xtec.cat\/insvoltrera\/wp-content\/uploads\/usu2424\/2025\/05\/IMG_3490-1024x768.jpg\" alt=\"\" width=\"1024\" height=\"768\" \/><\/a><\/td>\r\n<\/tr>\r\n<tr>\r\n<td style=\"width: 50%;\"><a href=\"https:\/\/agora.xtec.cat\/insvoltrera\/wp-content\/uploads\/usu2424\/2025\/05\/IMG_3489.jpg\"><img class=\"alignnone size-large wp-image-4364\" src=\"https:\/\/agora.xtec.cat\/insvoltrera\/wp-content\/uploads\/usu2424\/2025\/05\/IMG_3489-1024x768.jpg\" alt=\"\" width=\"1024\" height=\"768\" \/><\/a><\/td>\r\n<td style=\"width: 50%;\"><a href=\"https:\/\/agora.xtec.cat\/insvoltrera\/wp-content\/uploads\/usu2424\/2025\/05\/IMG_3488.jpg\"><img class=\"alignnone size-large wp-image-4365\" src=\"https:\/\/agora.xtec.cat\/insvoltrera\/wp-content\/uploads\/usu2424\/2025\/05\/IMG_3488-1024x768.jpg\" alt=\"\" width=\"1024\" height=\"768\" \/><\/a><\/td>\r\n<\/tr>\r\n<\/tbody>\r\n<\/table>\r\n&nbsp;\r\n\r\n<strong><u>Horari curs 2024-2025<\/u><\/strong>\r\n\r\nSeu principal, de dilluns a dijous, al primer pati.\r\n\r\n<strong><u>El servei de biblioteca us permet:<\/u><\/strong>\r\n\r\n-Mirar i llegir llibres, revistes, atles..\r\n\r\n-Cercar informaci\u00f3 a trav\u00e9s dels llibres de consulta o de la xarxa.\r\n\r\n-Agafar llibres en pr\u00e9stec (aquells que estiguin permesos).\r\n\r\n-Imprimir (servei de pagament a consergeria). Les c\u00f2pies es faran en blanc i negre, i\u00a0 nom\u00e9s en casos excepcionals a color (i.e. portades, esquemes\u2026).\r\n\r\n-Estudiar i fer tasques individualment.\r\n\r\n<b><strong><u>Consulta el fons<\/u><\/strong><\/b>\r\n<div>La nostra biblioteca fa servir\u00a0l'aplicatiu eP\u00e8rgam\u00a0 per a gestionar el seu fons, per la qual cosa el pots consultar a trav\u00e9s de l'Entorn de consulta de la xarxa de biblioteques de l'Xtec.<\/div>\r\n<div>Enlla\u00e7 directe (sovint marca error i cal reiniciar la cerca de centre):<\/div>\r\n<div><\/div>\r\n<div><a href=\"https:\/\/aplicacions.gestioeducativa.gencat.cat\/epergam\/web\/biblioteca.jsp\" target=\"_blank\" rel=\"noopener\" data-saferedirecturl=\"https:\/\/www.google.com\/url?q=https:\/\/aplicacions.gestioeducativa.gencat.cat\/epergam\/web\/biblioteca.jsp&amp;source=gmail&amp;ust=1747686643365000&amp;usg=AOvVaw1BCSwgyMgiIpan1SHHaUiL\">https:\/\/aplicacions.<wbr \/>gestioeducativa.gencat.cat\/<wbr \/>epergam\/web\/biblioteca.jsp<\/a><\/div>\r\n<div><\/div>\r\n<div dir=\"ltr\">Enlla\u00e7 del llistat d'instituts (no tant directe per\u00f2 m\u00e9s fiable):<\/div>\r\n<div dir=\"ltr\"><\/div>\r\n<div dir=\"ltr\"><a href=\"https:\/\/xtec.gencat.cat\/ca\/projectes\/biblioteca\/epergam\/entorn-consulta\/instituts\/\" target=\"_blank\" rel=\"noopener\" data-saferedirecturl=\"https:\/\/www.google.com\/url?q=https:\/\/xtec.gencat.cat\/ca\/projectes\/biblioteca\/epergam\/entorn-consulta\/instituts\/&amp;source=gmail&amp;ust=1747686643365000&amp;usg=AOvVaw1qazMUgk2l8a-hYh1qT7KB\">https:\/\/xtec.gencat.cat\/ca\/<wbr \/>projectes\/biblioteca\/epergam\/<wbr \/>entorn-consulta\/instituts\/<\/a><\/div>\r\n<div dir=\"ltr\"><\/div>\r\n<div>(nom\u00e9s cal seleccionar l'Institut Voltrera)<\/div>\r\n<div><\/div>\r\n<div dir=\"ltr\"><b>Contacte<\/b>:\u00a0<a href=\"mailto:biblioteca@insvoltrera.cat\" target=\"_blank\" rel=\"noopener\">biblioteca@insvoltrera.cat<\/a><\/div>\r\n<div dir=\"ltr\"><\/div>\r\n<u><strong>Recordeu<\/strong>:<\/u>\r\n\r\nCal estar en silenci. Les consultes al\/a la responsable de la biblioteca es faran en veu baixa i dintre d\u2019un ordre, respectant el torn i esperant en silenci a que ens pugui atendre.\r\n\r\nL\u2019aforament de la biblioteca \u00e9s limitat. Els usuaris i les usu\u00e0ries faran \u00fas dels llocs assignats i identificats com a Lector.\r\n\r\nNo es permet l\u2019entrada de menjar o beure.\r\n\r\nNo es pot fer servir el m\u00f2bil. Els m\u00f2bils estaran apagats i fora de la vista.\r\n\r\nCal tenir cura del material de la biblioteca i tractar els llibres, revistes i altres materials amb esment.\r\n\r\nCal mantenir en ordre la biblioteca. Si fem \u00fas de qualsevol llibre, ser\u00e0 necessari tornar-lo mateix lloc on l\u2019hem agafat. Per motius de seguretat, si el llibre que volem consultar es troba als prestatges superiors, caldr\u00e0 demanar-lo donant les dades (t\u00edtol, autor...) al\/a la responsable de la biblioteca que el facilitar\u00e0 en una altra sessi\u00f3.\r\n\r\nCal respectar els altres usuaris i les altres usu\u00e0ries de la biblioteca en tot moment.\r\n\r\n<em>Qualsevol conducta que es consideri perjudicial per al manteniment de l\u2019ambient propi de la biblioteca implicar\u00e0 una p\u00e8rdua del dret de fer-ne \u00fas i, si es cau (per\u00f2 no necess\u00e0riament), ser\u00e0 subjecte de l\u2019aplicaci\u00f3 d\u2019una falta contr\u00e0ria a la conviv\u00e8ncia del centre (NOFC).<\/em>","link":"https:\/\/agora.xtec.cat\/insvoltrera\/categoria\/biblioteca\/","name":"Biblioteca","slug":"biblioteca","taxonomy":"category","parent":0,"meta":[],"_links":{"self":[{"href":"https:\/\/agora.xtec.cat\/insvoltrera\/wp-json\/wp\/v2\/categories\/127","targetHints":{"allow":["GET"]}}],"collection":[{"href":"https:\/\/agora.xtec.cat\/insvoltrera\/wp-json\/wp\/v2\/categories"}],"about":[{"href":"https:\/\/agora.xtec.cat\/insvoltrera\/wp-json\/wp\/v2\/taxonomies\/category"}],"wp:post_type":[{"href":"https:\/\/agora.xtec.cat\/insvoltrera\/wp-json\/wp\/v2\/posts?categories=127"}],"curies":[{"name":"wp","href":"https:\/\/api.w.org\/{rel}","templated":true}]}}