{"id":126,"count":2,"description":"Des de l\u2019institut donem gran import\u00e0ncia a l\u2019<strong>orientaci\u00f3 educativa<\/strong> a tot l\u2019alumnat de forma global de manera que cadasc\u00fa pugui escollir el cam\u00ed m\u00e9s adient segons les seves prefer\u00e8ncies, interessos i capacitats.\r\n\r\nA continuaci\u00f3 trobareu una petita guia:\r\n\r\n<a class=\"customize-unpreviewable\" href=\"https:\/\/agora.xtec.cat\/insvoltrera\/wp-content\/uploads\/usu2424\/2020\/12\/mini_orientaci_2n_2020-21pptx.pdf\" target=\"_blank\" rel=\"noopener noreferrer\">PETITA GUIA D\u2019ORIENTACI\u00d3 EDUCATIVA<\/a>\r\n\r\nPodeu trobar tota la informaci\u00f3 oficial a la web de la Generalitat de Catalunya:\r\n\r\n<a href=\"http:\/\/queestudiar.gencat.cat\/ca\/index.html\" target=\"_blank\" rel=\"noopener noreferrer\"><img class=\"alignnone size-full wp-image-571\" src=\"https:\/\/agora.xtec.cat\/insvoltrera\/wp-content\/uploads\/usu2424\/2020\/11\/estudiarACatalunya.jpg\" alt=\"\" width=\"288\" height=\"175\" \/><\/a>\r\n<h3><strong>Links d'inter\u00e8s:<\/strong><\/h3>\r\n<a href=\"https:\/\/triaeducativa.gencat.cat\/ca\/inici\/index.html\">Tria Educativa<\/a>\r\n\r\n<a href=\"https:\/\/educacio.gencat.cat\/ca\/serveis-tramits\/beques\/\">Beques<\/a>","link":"https:\/\/agora.xtec.cat\/insvoltrera\/categoria\/orientacio-educativa\/","name":"Orientacio Educativa","slug":"orientacio-educativa","taxonomy":"category","parent":0,"meta":[],"_links":{"self":[{"href":"https:\/\/agora.xtec.cat\/insvoltrera\/wp-json\/wp\/v2\/categories\/126","targetHints":{"allow":["GET"]}}],"collection":[{"href":"https:\/\/agora.xtec.cat\/insvoltrera\/wp-json\/wp\/v2\/categories"}],"about":[{"href":"https:\/\/agora.xtec.cat\/insvoltrera\/wp-json\/wp\/v2\/taxonomies\/category"}],"wp:post_type":[{"href":"https:\/\/agora.xtec.cat\/insvoltrera\/wp-json\/wp\/v2\/posts?categories=126"}],"curies":[{"name":"wp","href":"https:\/\/api.w.org\/{rel}","templated":true}]}}