{"id":119,"count":24,"description":"<span style=\"color: #333399;\">L'institut Voltrera t\u00e9 consolidat un intercanvi amb l'institut Primo Levi Gymnasium de <strong>Berl\u00edn<\/strong>. <\/span>\r\n\r\n<span style=\"color: #333399;\">L'objectiu de l'intercanvi \u00e9s el desenvolupament cultural i ling\u00fc\u00edstic de l'alumnat i l'augment de la cohesi\u00f3 del grup. Tamb\u00e9 t\u00e9 com a objectiu servir d\u2019eina en el proc\u00e9s de maduraci\u00f3 personal de l'alumnat i ser unest\u00edmul en el seu rendiment acad\u00e8mic.\r\nLa participaci\u00f3 en l'intercanvi s'ha d'entendre com una oportunitat especial per obtenir una major experi\u00e8ncia cultural, acad\u00e8mica i humana en con\u00e8ixer altres pa\u00efsos, cultures, sistemes educatius i la vida interna de fam\u00edlies estrangeres.\r\n<\/span>","link":"https:\/\/agora.xtec.cat\/insvoltrera\/categoria\/intercanviberlin\/","name":"IntercanviBerl\u00edn","slug":"intercanviberlin","taxonomy":"category","parent":0,"meta":[],"_links":{"self":[{"href":"https:\/\/agora.xtec.cat\/insvoltrera\/wp-json\/wp\/v2\/categories\/119","targetHints":{"allow":["GET"]}}],"collection":[{"href":"https:\/\/agora.xtec.cat\/insvoltrera\/wp-json\/wp\/v2\/categories"}],"about":[{"href":"https:\/\/agora.xtec.cat\/insvoltrera\/wp-json\/wp\/v2\/taxonomies\/category"}],"wp:post_type":[{"href":"https:\/\/agora.xtec.cat\/insvoltrera\/wp-json\/wp\/v2\/posts?categories=119"}],"curies":[{"name":"wp","href":"https:\/\/api.w.org\/{rel}","templated":true}]}}