{"id":118,"count":23,"description":"El Servei Comunitari, tal i com s\u2019estableix en el curr\u00edculum de l\u2019educaci\u00f3 secund\u00e0ria, \u00e9s una acci\u00f3 educativa, \u00e9s una acci\u00f3 educativa que, de forma obligat\u00f2ria, ha de realitzar tot l\u2019alumnat a 3r o 4t d\u2019ESO. \u00c9s una acci\u00f3 educativa orientada a desenvolupar la compet\u00e8ncia social i ciutadana, en que l\u2019alumne, amb la finalitat de millorar el seu entorn, realitza un servei a la comunitat, aplicant el seus coneixements, capacitats i habilitats alhora que apr\u00e8n l\u2019exercici actiu de la ciutadania.\r\n\r\nEs tracta d\u2019una tasca multidimensional amb la qual es pret\u00e9n que els joves aconsegueixin donar el millor de s\u00ed mateixos, desenvolupin al m\u00e0xim el seu potencial i s\u2019incorporin de manera activa a la societat.","link":"https:\/\/agora.xtec.cat\/insvoltrera\/categoria\/servei-comunitari\/","name":"Servei comunitari","slug":"servei-comunitari","taxonomy":"category","parent":0,"meta":[],"_links":{"self":[{"href":"https:\/\/agora.xtec.cat\/insvoltrera\/wp-json\/wp\/v2\/categories\/118","targetHints":{"allow":["GET"]}}],"collection":[{"href":"https:\/\/agora.xtec.cat\/insvoltrera\/wp-json\/wp\/v2\/categories"}],"about":[{"href":"https:\/\/agora.xtec.cat\/insvoltrera\/wp-json\/wp\/v2\/taxonomies\/category"}],"wp:post_type":[{"href":"https:\/\/agora.xtec.cat\/insvoltrera\/wp-json\/wp\/v2\/posts?categories=118"}],"curies":[{"name":"wp","href":"https:\/\/api.w.org\/{rel}","templated":true}]}}