{"id":117,"count":46,"description":"<a style=\"font-family: inherit; font-size: 1em;\" href=\"https:\/\/salutpublica.gencat.cat\/ca\/ambits\/promocio_salut\/Infancia-i-adolescencia\/Adolescencia\/salut-i-escola\/\"><img class=\"alignleft\" src=\"https:\/\/salutpublica.gencat.cat\/web\/.content\/minisite\/aspcat\/promocio_salut\/infancia-i-adolescencia\/03salut-i-escola\/264x264_baner3_salut_i_escola.png\" alt=\"264x264_baner3_programa_salut_i_escola\" width=\"263\" height=\"262\" \/><\/a>\r\n\r\nL\u2019objectiu del <strong>programa Salut i Escola<\/strong> (PSiE) \u00e9s millorar la salut dels adolescents mitjan\u00e7ant accions de promoci\u00f3 de la salut, de prevenci\u00f3 de les situacions de risc i d\u2019atenci\u00f3 preco\u00e7 per als problemes relacionats amb la salut la salut afectiva i sexual, el consum de drogues, alcohol i tabac, en col\u00b7laboraci\u00f3 amb els centres educatius i els serveis de salut comunit\u00e0ria presents en el territori.\r\n\r\nEls eixos fonamentals d'actuaci\u00f3 del PSiE s\u00f3n la salut mental; la salut afectiva i sexual; la viol\u00e8ncia i els maltractaments segons g\u00e8nere, els h\u00e0bits de salut (consum de tabac i altres drogues, altres addiccions, exercici f\u00edsic, dieta, etc) i els trastorns de la conducta aliment\u00e0ria.\r\n\r\nUna de les principals l\u00ednies d\u2019actuaci\u00f3 d\u2019aquest programa \u00e9s el servei Consulta Oberta, que implica el despla\u00e7ament peri\u00f2dic de professionals de l\u2019infermeria als centres docents per afavorir l\u2019accessibilitat dels adolescents a l\u2019atenci\u00f3 sanit\u00e0ria amb garanties de privacitat, confidencialitat i proximitat.\r\n\r\n<a href=\"https:\/\/agora.xtec.cat\/insvoltrera\/wp-content\/uploads\/usu2424\/2021\/12\/Cartell-CONSULTA-OBERTA.pdf\" target=\"_blank\" rel=\"noopener\"><img class=\"wp-image-1631 aligncenter\" src=\"https:\/\/agora.xtec.cat\/insvoltrera\/wp-content\/uploads\/usu2424\/2021\/12\/EstemPerTu_NoetTallis.jpg\" alt=\"\" width=\"264\" height=\"369\" \/><\/a>\r\n\r\n<span style=\"color: #0000ff;\">Links d'inter\u00e8s:<\/span>\r\n\r\n<a href=\"https:\/\/www.elpep.info\/\" target=\"_blank\" rel=\"noopener\">https:\/\/www.elpep.info\/<\/a>\r\n\r\n<a href=\"http:\/\/sexejoves.gencat.cat\/ca\/inici\" target=\"_blank\" rel=\"noopener\">http:\/\/sexejoves.gencat.cat\/ca\/inici<\/a>","link":"https:\/\/agora.xtec.cat\/insvoltrera\/categoria\/salut-i-escola\/","name":"Salut i Escola","slug":"salut-i-escola","taxonomy":"category","parent":0,"meta":[],"_links":{"self":[{"href":"https:\/\/agora.xtec.cat\/insvoltrera\/wp-json\/wp\/v2\/categories\/117","targetHints":{"allow":["GET"]}}],"collection":[{"href":"https:\/\/agora.xtec.cat\/insvoltrera\/wp-json\/wp\/v2\/categories"}],"about":[{"href":"https:\/\/agora.xtec.cat\/insvoltrera\/wp-json\/wp\/v2\/taxonomies\/category"}],"wp:post_type":[{"href":"https:\/\/agora.xtec.cat\/insvoltrera\/wp-json\/wp\/v2\/posts?categories=117"}],"curies":[{"name":"wp","href":"https:\/\/api.w.org\/{rel}","templated":true}]}}