{"id":9677,"date":"2026-04-21T13:34:51","date_gmt":"2026-04-21T11:34:51","guid":{"rendered":"https:\/\/agora.xtec.cat\/insvilafranca\/?p=9677"},"modified":"2026-04-21T13:34:51","modified_gmt":"2026-04-21T11:34:51","slug":"mobilitat-a-buhl-alemania-de-lalumnat-erasmus","status":"publish","type":"post","link":"https:\/\/agora.xtec.cat\/insvilafranca\/eso\/eso-4\/mobilitat-a-buhl-alemania-de-lalumnat-erasmus\/","title":{"rendered":"Mobilitat a B\u00fchl (Alemania) de l&#8217;alumnat Erasmus+"},"content":{"rendered":"<p data-path-to-node=\"3\">Compartim amb vosaltres algunes imatges de tot el que hem treballat en el marc del projecte <b data-path-to-node=\"3\" data-index-in-node=\"92\">Erasmus+ KA122<\/b> sobre el reciclatge, la reducci\u00f3 de residus i la reutilitzaci\u00f3. L\u2019alumnat de l\u2019<b data-path-to-node=\"3\" data-index-in-node=\"186\">Institut La Girada<\/b> ha explicat les pr\u00e0ctiques que es duen a terme al centre, les iniciatives de la nostra ciutat i algunes aplicacions m\u00f2bils que poden ser de gran ajuda.<\/p>\n<p data-path-to-node=\"4\">Vam descobrir la ciutat de <b data-path-to-node=\"4\" data-index-in-node=\"27\">B\u00fchl<\/b> a trav\u00e9s d\u2019una gimcana i del seu museu, mentre foment\u00e0vem el reciclatge mitjan\u00e7ant un joc de cartes creat pel mateix alumnat.<\/p>\n<p data-path-to-node=\"5\">Tamb\u00e9 vam rebre la benvinguda oficial de l\u2019<b data-path-to-node=\"5\" data-index-in-node=\"43\">Ajuntament de B\u00fchl<\/b>, un acte que ha servit per enfortir l\u2019agermanament entre les nostres dues ciutats: <b data-path-to-node=\"5\" data-index-in-node=\"145\">B\u00fchl i Vilafranca del Pened\u00e8s<\/b>. A m\u00e9s, vam poder gaudir d\u2019una visita al <b data-path-to-node=\"5\" data-index-in-node=\"216\">Parc Nacional de la Selva Negra<\/b>, on l&#8217;alumnat va aprendre sobre el cicle de la vida al parc i les conseq\u00fc\u00e8ncies de la intervenci\u00f3 humana.<\/p>\n<p data-path-to-node=\"6\">Pel que fa a les visites culturals, vam explorar <b data-path-to-node=\"6\" data-index-in-node=\"49\">Freiburg<\/b> amb un joc de pistes i <b data-path-to-node=\"6\" data-index-in-node=\"81\">Baden-Baden<\/b> a trav\u00e9s d\u2019una ruta guiada.<\/p>\n<p data-path-to-node=\"7\">Volem aprofitar aquest espai per tornar a donar les gr\u00e0cies a tot el professorat que ha fet possibles aquestes activitats i que ens ha acompanyat en tot moment. Gr\u00e0cies, <b data-path-to-node=\"7\" data-index-in-node=\"170\">Carl-Netter-Realschule<\/b>!<\/p>\n<p data-path-to-node=\"8\"><b data-path-to-node=\"8\" data-index-in-node=\"0\">Podeu veure les imatges <a href=\"https:\/\/drive.google.com\/drive\/folders\/1zRVBBQYPz17zKkp9jjMawqxzMzU7zh0u?usp=sharing\">aqu\u00ed<\/a>!<\/b><\/p>\n<p dir=\"ltr\">\n<p dir=\"ltr\">\n<p data-path-to-node=\"3\">We would like to share with you some images of the work carried out as part of the <b data-path-to-node=\"3\" data-index-in-node=\"83\">Erasmus+ KA122 project<\/b> regarding recycling, waste reduction, and reuse. Students from <b data-path-to-node=\"3\" data-index-in-node=\"169\">Institut La Girada<\/b> shared the center&#8217;s current practices, local city initiatives, and helpful apps.<\/p>\n<p data-path-to-node=\"4\">We discovered the town of <b data-path-to-node=\"4\" data-index-in-node=\"26\">B\u00fchl<\/b> through a scavenger hunt and a visit to its museum, while promoting recycling through a card game created by the students themselves.<\/p>\n<p data-path-to-node=\"5\">We were also officially welcomed by the <b data-path-to-node=\"5\" data-index-in-node=\"40\">B\u00fchl Town Council<\/b>, strengthening the twinning between our two cities: <b data-path-to-node=\"5\" data-index-in-node=\"110\">B\u00fchl and Vilafranca del Pened\u00e8s<\/b>. Additionally, we visited the <b data-path-to-node=\"5\" data-index-in-node=\"172\">Black Forest National Park<\/b>, where students learned about the life cycle within the park and the consequences of human intervention.<\/p>\n<p data-path-to-node=\"6\">Regarding our city visits, we explored <b data-path-to-node=\"6\" data-index-in-node=\"39\">Freiburg<\/b> through a trail of clues and <b data-path-to-node=\"6\" data-index-in-node=\"77\">Baden-Baden<\/b> via a guided tour.<\/p>\n<p data-path-to-node=\"7\">We would like to take this opportunity to thank all the teachers who made these activities possible and accompanied us throughout the journey. Thank you, <b data-path-to-node=\"7\" data-index-in-node=\"154\">Carl-Netter-Realschule<\/b>!<\/p>\n<p data-path-to-node=\"8\"><b data-path-to-node=\"8\" data-index-in-node=\"0\">You can view the images <a href=\"https:\/\/drive.google.com\/drive\/folders\/1zRVBBQYPz17zKkp9jjMawqxzMzU7zh0u?usp=sharing\">here<\/a>!<\/b><\/p>\n<p>&nbsp;<\/p>\n<p dir=\"ltr\">\n","protected":false},"excerpt":{"rendered":"<p>Compartim amb vosaltres algunes imatges de tot el que hem treballat en el marc del projecte Erasmus+ KA122 sobre el reciclatge, la reducci\u00f3 de residus i la reutilitzaci\u00f3. L\u2019alumnat de l\u2019Institut La Girada ha explicat les pr\u00e0ctiques que es duen a terme al centre, les iniciatives de la nostra ciutat i algunes aplicacions m\u00f2bils que [&hellip;]<\/p>\n","protected":false},"author":1,"featured_media":9678,"comment_status":"closed","ping_status":"open","sticky":false,"template":"","format":"standard","meta":{"_bbp_topic_count":0,"_bbp_reply_count":0,"_bbp_total_topic_count":0,"_bbp_total_reply_count":0,"_bbp_voice_count":0,"_bbp_anonymous_reply_count":0,"_bbp_topic_count_hidden":0,"_bbp_reply_count_hidden":0,"_bbp_forum_subforum_count":0,"site-sidebar-layout":"default","site-content-layout":"","ast-site-content-layout":"default","site-content-style":"default","site-sidebar-style":"default","ast-global-header-display":"","ast-banner-title-visibility":"","ast-main-header-display":"","ast-hfb-above-header-display":"","ast-hfb-below-header-display":"","ast-hfb-mobile-header-display":"","site-post-title":"","ast-breadcrumbs-content":"","ast-featured-img":"","footer-sml-layout":"","theme-transparent-header-meta":"default","adv-header-id-meta":"","stick-header-meta":"","header-above-stick-meta":"","header-main-stick-meta":"","header-below-stick-meta":"","astra-migrate-meta-layouts":"set","ast-page-background-enabled":"default","ast-page-background-meta":{"desktop":{"background-color":"var(--ast-global-color-4)","background-image":"","background-repeat":"repeat","background-position":"center center","background-size":"auto","background-attachment":"scroll","background-type":"","background-media":"","overlay-type":"","overlay-color":"","overlay-opacity":"","overlay-gradient":""},"tablet":{"background-color":"","background-image":"","background-repeat":"repeat","background-position":"center center","background-size":"auto","background-attachment":"scroll","background-type":"","background-media":"","overlay-type":"","overlay-color":"","overlay-opacity":"","overlay-gradient":""},"mobile":{"background-color":"","background-image":"","background-repeat":"repeat","background-position":"center center","background-size":"auto","background-attachment":"scroll","background-type":"","background-media":"","overlay-type":"","overlay-color":"","overlay-opacity":"","overlay-gradient":""}},"ast-content-background-meta":{"desktop":{"background-color":"var(--ast-global-color-5)","background-image":"","background-repeat":"repeat","background-position":"center center","background-size":"auto","background-attachment":"scroll","background-type":"","background-media":"","overlay-type":"","overlay-color":"","overlay-opacity":"","overlay-gradient":""},"tablet":{"background-color":"var(--ast-global-color-5)","background-image":"","background-repeat":"repeat","background-position":"center center","background-size":"auto","background-attachment":"scroll","background-type":"","background-media":"","overlay-type":"","overlay-color":"","overlay-opacity":"","overlay-gradient":""},"mobile":{"background-color":"var(--ast-global-color-5)","background-image":"","background-repeat":"repeat","background-position":"center center","background-size":"auto","background-attachment":"scroll","background-type":"","background-media":"","overlay-type":"","overlay-color":"","overlay-opacity":"","overlay-gradient":""}},"footnotes":""},"categories":[128,356,7,29],"tags":[],"class_list":["post-9677","post","type-post","status-publish","format-standard","has-post-thumbnail","hentry","category-english","category-erasmus","category-eso-4","category-portada"],"post_mailing_queue_ids":[],"_links":{"self":[{"href":"https:\/\/agora.xtec.cat\/insvilafranca\/wp-json\/wp\/v2\/posts\/9677","targetHints":{"allow":["GET"]}}],"collection":[{"href":"https:\/\/agora.xtec.cat\/insvilafranca\/wp-json\/wp\/v2\/posts"}],"about":[{"href":"https:\/\/agora.xtec.cat\/insvilafranca\/wp-json\/wp\/v2\/types\/post"}],"author":[{"embeddable":true,"href":"https:\/\/agora.xtec.cat\/insvilafranca\/wp-json\/wp\/v2\/users\/1"}],"replies":[{"embeddable":true,"href":"https:\/\/agora.xtec.cat\/insvilafranca\/wp-json\/wp\/v2\/comments?post=9677"}],"version-history":[{"count":1,"href":"https:\/\/agora.xtec.cat\/insvilafranca\/wp-json\/wp\/v2\/posts\/9677\/revisions"}],"predecessor-version":[{"id":9679,"href":"https:\/\/agora.xtec.cat\/insvilafranca\/wp-json\/wp\/v2\/posts\/9677\/revisions\/9679"}],"wp:featuredmedia":[{"embeddable":true,"href":"https:\/\/agora.xtec.cat\/insvilafranca\/wp-json\/wp\/v2\/media\/9678"}],"wp:attachment":[{"href":"https:\/\/agora.xtec.cat\/insvilafranca\/wp-json\/wp\/v2\/media?parent=9677"}],"wp:term":[{"taxonomy":"category","embeddable":true,"href":"https:\/\/agora.xtec.cat\/insvilafranca\/wp-json\/wp\/v2\/categories?post=9677"},{"taxonomy":"post_tag","embeddable":true,"href":"https:\/\/agora.xtec.cat\/insvilafranca\/wp-json\/wp\/v2\/tags?post=9677"}],"curies":[{"name":"wp","href":"https:\/\/api.w.org\/{rel}","templated":true}]}}