{"id":9586,"date":"2026-03-02T06:55:43","date_gmt":"2026-03-02T05:55:43","guid":{"rendered":"https:\/\/agora.xtec.cat\/insvilafranca\/?p=9586"},"modified":"2026-03-02T06:56:03","modified_gmt":"2026-03-02T05:56:03","slug":"portes-obertes-2026-suspeses","status":"publish","type":"post","link":"https:\/\/agora.xtec.cat\/insvilafranca\/portada\/portes-obertes-2026-suspeses\/","title":{"rendered":"Portes Obertes 2026 anul\u00b7lades"},"content":{"rendered":"<p>Benvolguts, benvolgudes,<\/p>\n<div>\n<div><strong>\u00a0<\/strong><\/div>\n<div>\n<p dir=\"ltr\">Els equips directius i els claustres de professorat dels instituts p\u00fablics de secund\u00e0ria de Vilafranca del Pened\u00e8s, Santa Margarida i els Monjos, Gelida i l&#8217;Intermunicipal de Sant Sadurn\u00ed, despr\u00e9s d&#8217;un proc\u00e9s de reflexi\u00f3 i debat intern, hem acordat no dur a terme la Jornada de Portes Obertes dels nostres centres prevista per a aquest curs.<\/p>\n<p dir=\"ltr\">Aquesta mesura de protesta respon al nostre malestar per la situaci\u00f3 actual del sistema educatiu, que ens afecta di\u00e0riament als centres p\u00fablics de Catalunya, i com a suport a les mobilitzacions del sector educatiu per la manca de compromisos de millora significatius per part del Departament d&#8217;Educaci\u00f3 i Formaci\u00f3 professional.<\/p>\n<p dir=\"ltr\">Considerem que la situaci\u00f3 actual incideix directament en l&#8217;organitzaci\u00f3 dels centres, en l&#8217;atenci\u00f3 educativa a l\u2019alumnat i en les condicions en qu\u00e8 desenvolupem la nostra tasca docent. La insufici\u00e8ncia de recursos pot comprometre la qualitat del servei p\u00fablic educatiu que volem i hem de garantir.<\/p>\n<p dir=\"ltr\">Aquesta decisi\u00f3, presa de manera col\u00b7legiada, no ha estat f\u00e0cil. Som plenament conscients de la import\u00e0ncia que t\u00e9 la Jornada de Portes Obertes per a les fam\u00edlies i l\u2019alumnat que han d&#8217;iniciar una nova etapa educativa. Tanmateix, entenem que cal fer visible el malestar existent i la necessitat de revisi\u00f3 de les mesures actuals i de l\u2019establiment d\u2019un di\u00e0leg real que permeti assegurar unes condicions adequades per al bon funcionament dels centres.<\/p>\n<p dir=\"ltr\">Els centres garantirem que les fam\u00edlies disposin de la informaci\u00f3 necess\u00e0ria sobre el projecte educatiu, l\u2019oferta formativa i els aspectes organitzatius a trav\u00e9s dels canals habituals del centre, com ara la p\u00e0gina web i les xarxes socials. Podeu accedir a les portes obertes virtuals de l&#8217;institut de la Girada <a href=\"https:\/\/agora.xtec.cat\/insvilafranca\/portes-obertes-2025\/\">en aquest enlla\u00e7<\/a>.<\/p>\n<p dir=\"ltr\">Tamb\u00e9 podeu consultar el tr\u00edptic informatiu en aquest enlla\u00e7.<\/p>\n<\/div>\n<p>Salutacions cordials,<\/p>\n<p>Equips directius i claustres<br \/>\nInstituts p\u00fablics de Vilafranca del Pened\u00e8s, Santa Margarida i els Monjos, i Gelida<\/p>\n<\/div>\n","protected":false},"excerpt":{"rendered":"<p>Benvolguts, benvolgudes, \u00a0 Els equips directius i els claustres de professorat dels instituts p\u00fablics de secund\u00e0ria de Vilafranca del Pened\u00e8s, Santa Margarida i els Monjos, Gelida i l&#8217;Intermunicipal de Sant Sadurn\u00ed, despr\u00e9s d&#8217;un proc\u00e9s de reflexi\u00f3 i debat intern, hem acordat no dur a terme la Jornada de Portes Obertes dels nostres centres prevista per [&hellip;]<\/p>\n","protected":false},"author":1,"featured_media":9591,"comment_status":"closed","ping_status":"open","sticky":false,"template":"","format":"standard","meta":{"_bbp_topic_count":0,"_bbp_reply_count":0,"_bbp_total_topic_count":0,"_bbp_total_reply_count":0,"_bbp_voice_count":0,"_bbp_anonymous_reply_count":0,"_bbp_topic_count_hidden":0,"_bbp_reply_count_hidden":0,"_bbp_forum_subforum_count":0,"site-sidebar-layout":"default","site-content-layout":"","ast-site-content-layout":"default","site-content-style":"default","site-sidebar-style":"default","ast-global-header-display":"","ast-banner-title-visibility":"","ast-main-header-display":"","ast-hfb-above-header-display":"","ast-hfb-below-header-display":"","ast-hfb-mobile-header-display":"","site-post-title":"","ast-breadcrumbs-content":"","ast-featured-img":"","footer-sml-layout":"","theme-transparent-header-meta":"default","adv-header-id-meta":"","stick-header-meta":"","header-above-stick-meta":"","header-main-stick-meta":"","header-below-stick-meta":"","astra-migrate-meta-layouts":"set","ast-page-background-enabled":"default","ast-page-background-meta":{"desktop":{"background-color":"var(--ast-global-color-4)","background-image":"","background-repeat":"repeat","background-position":"center center","background-size":"auto","background-attachment":"scroll","background-type":"","background-media":"","overlay-type":"","overlay-color":"","overlay-opacity":"","overlay-gradient":""},"tablet":{"background-color":"","background-image":"","background-repeat":"repeat","background-position":"center center","background-size":"auto","background-attachment":"scroll","background-type":"","background-media":"","overlay-type":"","overlay-color":"","overlay-opacity":"","overlay-gradient":""},"mobile":{"background-color":"","background-image":"","background-repeat":"repeat","background-position":"center center","background-size":"auto","background-attachment":"scroll","background-type":"","background-media":"","overlay-type":"","overlay-color":"","overlay-opacity":"","overlay-gradient":""}},"ast-content-background-meta":{"desktop":{"background-color":"var(--ast-global-color-5)","background-image":"","background-repeat":"repeat","background-position":"center center","background-size":"auto","background-attachment":"scroll","background-type":"","background-media":"","overlay-type":"","overlay-color":"","overlay-opacity":"","overlay-gradient":""},"tablet":{"background-color":"var(--ast-global-color-5)","background-image":"","background-repeat":"repeat","background-position":"center center","background-size":"auto","background-attachment":"scroll","background-type":"","background-media":"","overlay-type":"","overlay-color":"","overlay-opacity":"","overlay-gradient":""},"mobile":{"background-color":"var(--ast-global-color-5)","background-image":"","background-repeat":"repeat","background-position":"center center","background-size":"auto","background-attachment":"scroll","background-type":"","background-media":"","overlay-type":"","overlay-color":"","overlay-opacity":"","overlay-gradient":""}},"footnotes":""},"categories":[29],"tags":[],"class_list":["post-9586","post","type-post","status-publish","format-standard","has-post-thumbnail","hentry","category-portada"],"post_mailing_queue_ids":[],"_links":{"self":[{"href":"https:\/\/agora.xtec.cat\/insvilafranca\/wp-json\/wp\/v2\/posts\/9586","targetHints":{"allow":["GET"]}}],"collection":[{"href":"https:\/\/agora.xtec.cat\/insvilafranca\/wp-json\/wp\/v2\/posts"}],"about":[{"href":"https:\/\/agora.xtec.cat\/insvilafranca\/wp-json\/wp\/v2\/types\/post"}],"author":[{"embeddable":true,"href":"https:\/\/agora.xtec.cat\/insvilafranca\/wp-json\/wp\/v2\/users\/1"}],"replies":[{"embeddable":true,"href":"https:\/\/agora.xtec.cat\/insvilafranca\/wp-json\/wp\/v2\/comments?post=9586"}],"version-history":[{"count":5,"href":"https:\/\/agora.xtec.cat\/insvilafranca\/wp-json\/wp\/v2\/posts\/9586\/revisions"}],"predecessor-version":[{"id":9614,"href":"https:\/\/agora.xtec.cat\/insvilafranca\/wp-json\/wp\/v2\/posts\/9586\/revisions\/9614"}],"wp:featuredmedia":[{"embeddable":true,"href":"https:\/\/agora.xtec.cat\/insvilafranca\/wp-json\/wp\/v2\/media\/9591"}],"wp:attachment":[{"href":"https:\/\/agora.xtec.cat\/insvilafranca\/wp-json\/wp\/v2\/media?parent=9586"}],"wp:term":[{"taxonomy":"category","embeddable":true,"href":"https:\/\/agora.xtec.cat\/insvilafranca\/wp-json\/wp\/v2\/categories?post=9586"},{"taxonomy":"post_tag","embeddable":true,"href":"https:\/\/agora.xtec.cat\/insvilafranca\/wp-json\/wp\/v2\/tags?post=9586"}],"curies":[{"name":"wp","href":"https:\/\/api.w.org\/{rel}","templated":true}]}}