{"id":8415,"date":"2025-03-14T16:37:46","date_gmt":"2025-03-14T15:37:46","guid":{"rendered":"https:\/\/agora.xtec.cat\/insvilafranca\/?p=8415"},"modified":"2025-03-14T16:37:46","modified_gmt":"2025-03-14T15:37:46","slug":"viatge-de-2n-de-batxillerat-a-praga","status":"publish","type":"post","link":"https:\/\/agora.xtec.cat\/insvilafranca\/general\/viatge-de-2n-de-batxillerat-a-praga\/","title":{"rendered":"Viatge de 2n de Batxillerat a Praga"},"content":{"rendered":"<p>L\u2019alumnat de 2n de Batxillerat des de dilluns 17 fins divendres 21 de febrer va estar gaudint de la ciutat de Praga, de la seva hist\u00f2ria m\u00e9s propera i la seva gastronomia, convivint amb els companys mentre capten el significat m\u00e9s profund dels monuments de la ciutat, empatitzant amb el passat i coneixent altres tradicions i cultures.<\/p>\n<p>Dissabte de matinada, ja els torn\u00e0vem a tenir per la Vila\u2026 Molt cansats, per\u00f2, amb viv\u00e8ncies \u00faniques i irrepetibles que els acompanyaran per sempre a la seva \u201cmotxilla personal\u201d. Van acabar de gaudir del temps que disposaven en terres txeques i ens vam retrobar dilluns!<\/p>\n<p>Per\u00f2, ja som al mar\u00e7\u2026, encara que va ser una estada molt intensa, ja sembla molt llunyana, 2n de Batxillerat ens porta amb ritme tan fren\u00e8tic que sembla un record m\u00e9s del passat.<br \/>\n<img loading=\"lazy\" decoding=\"async\" class=\"aligncenter size-large wp-image-8417\" src=\"https:\/\/agora.xtec.cat\/insvilafranca\/wp-content\/uploads\/usu75\/2025\/03\/praga-764x1024.jpeg\" alt=\"\" width=\"764\" height=\"1024\" srcset=\"https:\/\/agora.xtec.cat\/insvilafranca\/wp-content\/uploads\/usu75\/2025\/03\/praga-764x1024.jpeg 764w, https:\/\/agora.xtec.cat\/insvilafranca\/wp-content\/uploads\/usu75\/2025\/03\/praga-224x300.jpeg 224w, https:\/\/agora.xtec.cat\/insvilafranca\/wp-content\/uploads\/usu75\/2025\/03\/praga-768x1029.jpeg 768w, https:\/\/agora.xtec.cat\/insvilafranca\/wp-content\/uploads\/usu75\/2025\/03\/praga-1146x1536.jpeg 1146w, https:\/\/agora.xtec.cat\/insvilafranca\/wp-content\/uploads\/usu75\/2025\/03\/praga.jpeg 1179w\" sizes=\"auto, (max-width: 764px) 100vw, 764px\" \/>I per ajudar-vos a recordar,\u00a0<a href=\"https:\/\/drive.google.com\/drive\/folders\/1Dn594GKiZcrnO_WX_jMp4_16nRvulzAJ\" target=\"_blank\" rel=\"noopener\">aqu\u00ed us hem deixat alguna\u00a0foto<\/a>\u00a0perqu\u00e8 puguem compartir una mica de la ciutat des de terres penedesenques.<\/p>\n","protected":false},"excerpt":{"rendered":"<p>L\u2019alumnat de 2n de Batxillerat des de dilluns 17 fins divendres 21 de febrer va estar gaudint de la ciutat de Praga, de la seva hist\u00f2ria m\u00e9s propera i la seva gastronomia, convivint amb els companys mentre capten el significat m\u00e9s profund dels monuments de la ciutat, empatitzant amb el passat i coneixent altres tradicions [&hellip;]<\/p>\n","protected":false},"author":1,"featured_media":8417,"comment_status":"closed","ping_status":"closed","sticky":false,"template":"","format":"standard","meta":{"_bbp_topic_count":0,"_bbp_reply_count":0,"_bbp_total_topic_count":0,"_bbp_total_reply_count":0,"_bbp_voice_count":0,"_bbp_anonymous_reply_count":0,"_bbp_topic_count_hidden":0,"_bbp_reply_count_hidden":0,"_bbp_forum_subforum_count":0,"site-sidebar-layout":"default","site-content-layout":"","ast-site-content-layout":"","site-content-style":"default","site-sidebar-style":"default","ast-global-header-display":"","ast-banner-title-visibility":"","ast-main-header-display":"","ast-hfb-above-header-display":"","ast-hfb-below-header-display":"","ast-hfb-mobile-header-display":"","site-post-title":"","ast-breadcrumbs-content":"","ast-featured-img":"","footer-sml-layout":"","theme-transparent-header-meta":"","adv-header-id-meta":"","stick-header-meta":"","header-above-stick-meta":"","header-main-stick-meta":"","header-below-stick-meta":"","astra-migrate-meta-layouts":"default","ast-page-background-enabled":"default","ast-page-background-meta":{"desktop":{"background-color":"var(--ast-global-color-4)","background-image":"","background-repeat":"repeat","background-position":"center center","background-size":"auto","background-attachment":"scroll","background-type":"","background-media":"","overlay-type":"","overlay-color":"","overlay-opacity":"","overlay-gradient":""},"tablet":{"background-color":"","background-image":"","background-repeat":"repeat","background-position":"center center","background-size":"auto","background-attachment":"scroll","background-type":"","background-media":"","overlay-type":"","overlay-color":"","overlay-opacity":"","overlay-gradient":""},"mobile":{"background-color":"","background-image":"","background-repeat":"repeat","background-position":"center center","background-size":"auto","background-attachment":"scroll","background-type":"","background-media":"","overlay-type":"","overlay-color":"","overlay-opacity":"","overlay-gradient":""}},"ast-content-background-meta":{"desktop":{"background-color":"var(--ast-global-color-5)","background-image":"","background-repeat":"repeat","background-position":"center center","background-size":"auto","background-attachment":"scroll","background-type":"","background-media":"","overlay-type":"","overlay-color":"","overlay-opacity":"","overlay-gradient":""},"tablet":{"background-color":"var(--ast-global-color-5)","background-image":"","background-repeat":"repeat","background-position":"center center","background-size":"auto","background-attachment":"scroll","background-type":"","background-media":"","overlay-type":"","overlay-color":"","overlay-opacity":"","overlay-gradient":""},"mobile":{"background-color":"var(--ast-global-color-5)","background-image":"","background-repeat":"repeat","background-position":"center center","background-size":"auto","background-attachment":"scroll","background-type":"","background-media":"","overlay-type":"","overlay-color":"","overlay-opacity":"","overlay-gradient":""}},"footnotes":""},"categories":[127,1,29],"tags":[311,203],"class_list":["post-8415","post","type-post","status-publish","format-standard","has-post-thumbnail","hentry","category-2n-bat","category-general","category-portada","tag-praga","tag-viatge"],"post_mailing_queue_ids":[],"_links":{"self":[{"href":"https:\/\/agora.xtec.cat\/insvilafranca\/wp-json\/wp\/v2\/posts\/8415","targetHints":{"allow":["GET"]}}],"collection":[{"href":"https:\/\/agora.xtec.cat\/insvilafranca\/wp-json\/wp\/v2\/posts"}],"about":[{"href":"https:\/\/agora.xtec.cat\/insvilafranca\/wp-json\/wp\/v2\/types\/post"}],"author":[{"embeddable":true,"href":"https:\/\/agora.xtec.cat\/insvilafranca\/wp-json\/wp\/v2\/users\/1"}],"replies":[{"embeddable":true,"href":"https:\/\/agora.xtec.cat\/insvilafranca\/wp-json\/wp\/v2\/comments?post=8415"}],"version-history":[{"count":6,"href":"https:\/\/agora.xtec.cat\/insvilafranca\/wp-json\/wp\/v2\/posts\/8415\/revisions"}],"predecessor-version":[{"id":8422,"href":"https:\/\/agora.xtec.cat\/insvilafranca\/wp-json\/wp\/v2\/posts\/8415\/revisions\/8422"}],"wp:featuredmedia":[{"embeddable":true,"href":"https:\/\/agora.xtec.cat\/insvilafranca\/wp-json\/wp\/v2\/media\/8417"}],"wp:attachment":[{"href":"https:\/\/agora.xtec.cat\/insvilafranca\/wp-json\/wp\/v2\/media?parent=8415"}],"wp:term":[{"taxonomy":"category","embeddable":true,"href":"https:\/\/agora.xtec.cat\/insvilafranca\/wp-json\/wp\/v2\/categories?post=8415"},{"taxonomy":"post_tag","embeddable":true,"href":"https:\/\/agora.xtec.cat\/insvilafranca\/wp-json\/wp\/v2\/tags?post=8415"}],"curies":[{"name":"wp","href":"https:\/\/api.w.org\/{rel}","templated":true}]}}