{"id":8396,"date":"2025-03-15T08:32:50","date_gmt":"2025-03-15T07:32:50","guid":{"rendered":"https:\/\/agora.xtec.cat\/insvilafranca\/?p=8396"},"modified":"2025-03-15T08:48:08","modified_gmt":"2025-03-15T07:48:08","slug":"idus-de-marc-podcast-4t-eso","status":"publish","type":"post","link":"https:\/\/agora.xtec.cat\/insvilafranca\/general\/idus-de-marc-podcast-4t-eso\/","title":{"rendered":"Cuida&#8217;t dels Idus de Mar\u00e7! (P\u00f2dcast 4t ESO)"},"content":{"rendered":"<p><iframe loading=\"lazy\" src=\"https:\/\/www.ivoox.com\/player_es_podcast_2552641_zp_1.html?c1=066b62\" width=\"100%\" height=\"200\" frameborder=\"0\" scrolling=\"no\" allowfullscreen=\"allowfullscreen\"><span data-mce-type=\"bookmark\" style=\"display: inline-block; width: 0px; overflow: hidden; line-height: 0;\" class=\"mce_SELRES_start\">\ufeff<\/span><\/iframe><\/p>\n<p>Transcripci\u00f3 de l&#8217;\u00e0udio:<br \/>\n<span style=\"font-weight: 400;\">\ud83d\udd0a <\/span><b>LOCUTORA 1 (Mariona):<\/b> <span style=\"font-weight: 400;\"><br \/>\n<\/span><span style=\"font-weight: 400;\">Bon dia a tothom, <\/span><span style=\"font-weight: 400;\">aix\u00f2 \u00e9s <a href=\"https:\/\/agora.xtec.cat\/insvilafranca\/general\/idus-de-marc-podcast-4t-eso\/\" target=\"_blank\" rel=\"noopener\"><em>R\u00e0dio Cl\u00e0ssica del Nou<\/em><\/a> i som els alumnes de LLAT\u00cd 4t ESO: el Mikel Matos, l&#8217;Arnau Santacana, i jo mateixa, la Mariona Garcia.<br \/>\n<\/span><span style=\"font-weight: 400;\">\ud83d\udd0a <\/span><b>LOCUTOR 2 (Mikel):<\/b><span style=\"font-weight: 400;\"> Avui, 15 de mar\u00e7, us volem parlar d\u2019una data clau.<br \/>\n<\/span><span style=\"font-weight: 400;\">\ud83d\udd0a <\/span><b>LOCUTOR 3 (Arnau):<\/b><span style=\"font-weight: 400;\"> Bo, jo diria que m\u00e9s que clau, una data TR\u00c0GICA! Tal dia com avui, un 15 de mar\u00e7 d\u2019ara fa ja m\u00e9s de DOS MIL ANYS, Juli C\u00e8sar, el gran general i dictador, va ser assassinat al Senat pels seus propis companys, els senadors romans.<br \/>\n<\/span><span style=\"font-weight: 400;\">\ud83d\udd0a <\/span><b>LOCUTOR 1:<\/b><span style=\"font-weight: 400;\"> Exacte! Aix\u00f2 va passar el 15 de mar\u00e7 del 44 aC. I entre els seus assassins estava tamb\u00e9 el seu fill adoptiu, Brutus. 23 punyalades que entre tots li van clavar a C\u00e8sar!<br \/>\n<\/span><span style=\"font-weight: 400;\">\ud83d\udd0a <\/span><b>LOCUTOR 2:<\/b><span style=\"font-weight: 400;\"> Ah! Ara ho entenc! D\u2019aqu\u00ed ve la dita: NO SIGUIS TAN BRUT!<br \/>\n<\/span><span style=\"font-weight: 400;\">\ud83d\udd0a <\/span><b>LOCUTOR 3:<\/b><span style=\"font-weight: 400;\"> Clar! Veieu com \u00e9s d\u2019important aquest fet? Perqu\u00e8 Juli C\u00e8sar estava a punt de convertir-se en el PRIMER IMPERATOR de Roma, per\u00f2 no va arribar-hi, \u00e9s clar, que li van treure del mig els seus propis amics.<\/span><span style=\"font-weight: 400;\"><br \/>\n<\/span><span style=\"font-weight: 400;\">\ud83d\udd0a <\/span><b>LOCUTOR 1:<\/b><span style=\"font-weight: 400;\"> I ja mai m\u00e9s res no va ser igual: perqu\u00e8 aquell dia canviaria la hist\u00f2ria de Roma per sempre! La Rep\u00fablica moriria definitivament amb Juli C\u00e8sar i el seu nebot, August, es convertiria en el primer emperador de Roma.<br \/>\n<\/span><span style=\"font-weight: 400;\">\ud83d\udd0a <\/span><b>LOCUTOR 2:<\/b><span style=\"font-weight: 400;\"> Ep! Per\u00f2 deixem que sigui el mateix Juli C\u00e8sar qui ens expliqui el que va passar al Senat aquell fat\u00eddic Idus de Mar\u00e7.<br \/>\n<\/span><span style=\"font-weight: 400;\">\ud83d\udd0a <\/span><b>LOCUTOR 3:<\/b><span style=\"font-weight: 400;\"> Sense m\u00e9s pre\u00e0mbul, donem pas al mon\u00f2leg de Juli C\u00e8sar!\u00a0\u00a0<\/span><\/p>\n<hr \/>\n<h5><strong>Mon\u00f2leg de Juli C\u00e8sar en els Idus de Mar\u00e7 [veu de l&#8217;alumne Dami\u00e0 Bellver]<br \/>\n<\/strong><\/h5>\n<p><span style=\"font-weight: 400;\">Avui, els d\u00e9us han parlat amb veu callada, per\u00f2 ferma. No era el vent el que xiuxiuejava entre les columnes del Senat, ni el cruixit de la terra sota els meus peus; era el presagi d&#8217;una veritat amarga que es desvetllava davant dels meus ulls. Aquells en qui vaig confiar, aquells que van jurar lleialtat, avui m&#8217;han tra\u00eft. I jo, que dominava el dest\u00ed de les legions, he caigut davant del dest\u00ed dels meus propis amics!<\/span><\/p>\n<p><span style=\"font-weight: 400;\">Per\u00f2 deixeu-me explicar-vos com tot va comen\u00e7ar\u2026\u00a0<\/span><\/p>\n<p><span style=\"font-weight: 400;\">Ja fa dies, els auguris m&#8217;avisaven, les estrelles al seu curs van canviar i la figura de l&#8217;\u00e0ugur em va dir: \u201cC\u00e8sar! Aneu amb compte en els Idus de Mar\u00e7.\u201d Jo, home de poder, rei de Roma, fill del dest\u00ed, vaig riure davant de les seves paraules. \u201cQu\u00e8 poden els d\u00e9us contra la meva voluntat?\u201d, vaig pensar. Per\u00f2 la veritat \u00e9s que els d\u00e9us s\u00f3n com ombres a la ment dels homes, invisibles fins que la seva llum \u00e9s massa intensa per ignorar-la.<\/span><\/p>\n<p><span style=\"font-weight: 400;\">El mat\u00ed d&#8217;aquest dia fat\u00eddic, la meva dona, Calp\u00farnia, em va implorar: \u201cNo vagis, C\u00e8sar, he somiat amb la teva mort. Avui, la ira dels d\u00e9us es deslligar\u00e0 sobre tu\u201d. Les seves paraules van ser com un ress\u00f2 lluny\u00e0, un xiuxiueig del qual no podia entendre. Per\u00f2, com sempre, el meu cor era ferm, el meu dest\u00ed segellat. La corona esperava i Roma necessitava el seu C\u00e8sar.<\/span><\/p>\n<p><span style=\"font-weight: 400;\">Per\u00f2 el que no sabia, el que no podia imaginar, \u00e9s que els ganivets que em travessarien no eren de l&#8217;enemic al camp de batalla, sin\u00f3 dels homes que anomenaven companys. Brut\u2026 Brut? El meu propi fill adoptiu, el fill de la meva \u00e0nima, aquell que va jurar lleialtat, aquell que em va somriure al Senat, va ser qui va clavar el punyal al meu costat.<\/span><\/p>\n<p><span style=\"font-weight: 400;\">I llavors\u2026 quan el darrer punyal es va clavar al meu cor, una estranya calma em va embolicar. Vaig veure la meva vida passar davant dels meus ulls. Havia valgut la pena tot aix\u00f2? Els triomfs, les batalles, l&#8217;amor per Roma, la gl\u00f2ria\u2026 De qu\u00e8 serveix la gl\u00f2ria si no hi ha ning\u00fa que la comparteixi?\u00a0<\/span><\/p>\n<p><span style=\"font-weight: 400;\">Avui, els Idus de Mar\u00e7 no nom\u00e9s han estat un dia de mort. Han estat un dia de revelaci\u00f3. La hist\u00f2ria no em jutjar\u00e0 pas per l&#8217;home que vaig ser, sin\u00f3 per les ferides que vaig deixar. Roma caur\u00e0 sense mi? No ho s\u00e9, per\u00f2 la meva ombra romandr\u00e0 sempre, i aquells que em van trair, aquells que van creure que eliminar-me significaria la fi de tot, aprendran que l&#8217;home, com la llegenda, no mor mai del tot.<\/span><\/p>\n<p><span style=\"font-weight: 400;\">Que els d\u00e9us em jutgin\u2026 per\u00f2 Roma, Roma meva, ser\u00e0 sempre meva!<\/span><\/p>\n<table style=\"border-collapse: collapse; width: 100%;\">\n<tbody>\n<tr>\n<td style=\"width: 50%;\"><img loading=\"lazy\" decoding=\"async\" class=\"aligncenter size-full wp-image-8425\" src=\"https:\/\/agora.xtec.cat\/insvilafranca\/wp-content\/uploads\/usu75\/2025\/03\/asesinato-julio-cesar.jpg\" alt=\"\" width=\"300\" height=\"260\" \/><\/td>\n<td style=\"width: 50%;\"><img loading=\"lazy\" decoding=\"async\" class=\"aligncenter size-full wp-image-8426\" src=\"https:\/\/agora.xtec.cat\/insvilafranca\/wp-content\/uploads\/usu75\/2025\/03\/comic.jpg\" alt=\"\" width=\"400\" height=\"333\" srcset=\"https:\/\/agora.xtec.cat\/insvilafranca\/wp-content\/uploads\/usu75\/2025\/03\/comic.jpg 400w, https:\/\/agora.xtec.cat\/insvilafranca\/wp-content\/uploads\/usu75\/2025\/03\/comic-300x250.jpg 300w\" sizes=\"auto, (max-width: 400px) 100vw, 400px\" \/><\/td>\n<\/tr>\n<\/tbody>\n<\/table>\n","protected":false},"excerpt":{"rendered":"<p>Transcripci\u00f3 de l&#8217;\u00e0udio:<br \/>\nLOCUTORA 1 (Mariona):<br \/>\nBon dia a tothom, aix\u00f2 \u00e9s <a href=\"https:\/\/agora.xtec.cat\/insvilafranca\/general\/idus-de-marc-podcast-4t-eso\/\">&#8220;R\u00e0dio Cl\u00e0ssica del Nou&#8221;<\/a> i som els alumnes de LLAT\u00cd 4t ESO: el Mikel Matos, l&#8217;Arnau Santacana, i jo mateixa, la Mariona Garcia.<br \/>\nLOCUTOR 2 (Mikel): Avui, 15 de mar\u00e7, us volem parlar d\u2019una data clau.<br \/>\nLOCUTOR 3 (Arnau): Bo, jo diria que m\u00e9s que clau, una data TR\u00c0GICA! Tal dia com avui, un 15 de mar\u00e7 d\u2019ara fa ja m\u00e9s de DOS MIL ANYS, Juli C\u00e8sar, el gran general i dictador, va ser assassinat al Senat pels seus propis companys, els senadors romans.<\/p>\n","protected":false},"author":1,"featured_media":8441,"comment_status":"closed","ping_status":"closed","sticky":false,"template":"","format":"standard","meta":{"_bbp_topic_count":0,"_bbp_reply_count":0,"_bbp_total_topic_count":0,"_bbp_total_reply_count":0,"_bbp_voice_count":0,"_bbp_anonymous_reply_count":0,"_bbp_topic_count_hidden":0,"_bbp_reply_count_hidden":0,"_bbp_forum_subforum_count":0,"site-sidebar-layout":"default","site-content-layout":"","ast-site-content-layout":"","site-content-style":"default","site-sidebar-style":"default","ast-global-header-display":"","ast-banner-title-visibility":"","ast-main-header-display":"","ast-hfb-above-header-display":"","ast-hfb-below-header-display":"","ast-hfb-mobile-header-display":"","site-post-title":"","ast-breadcrumbs-content":"","ast-featured-img":"","footer-sml-layout":"","theme-transparent-header-meta":"","adv-header-id-meta":"","stick-header-meta":"","header-above-stick-meta":"","header-main-stick-meta":"","header-below-stick-meta":"","astra-migrate-meta-layouts":"default","ast-page-background-enabled":"default","ast-page-background-meta":{"desktop":{"background-color":"var(--ast-global-color-4)","background-image":"","background-repeat":"repeat","background-position":"center center","background-size":"auto","background-attachment":"scroll","background-type":"","background-media":"","overlay-type":"","overlay-color":"","overlay-opacity":"","overlay-gradient":""},"tablet":{"background-color":"","background-image":"","background-repeat":"repeat","background-position":"center center","background-size":"auto","background-attachment":"scroll","background-type":"","background-media":"","overlay-type":"","overlay-color":"","overlay-opacity":"","overlay-gradient":""},"mobile":{"background-color":"","background-image":"","background-repeat":"repeat","background-position":"center center","background-size":"auto","background-attachment":"scroll","background-type":"","background-media":"","overlay-type":"","overlay-color":"","overlay-opacity":"","overlay-gradient":""}},"ast-content-background-meta":{"desktop":{"background-color":"var(--ast-global-color-5)","background-image":"","background-repeat":"repeat","background-position":"center center","background-size":"auto","background-attachment":"scroll","background-type":"","background-media":"","overlay-type":"","overlay-color":"","overlay-opacity":"","overlay-gradient":""},"tablet":{"background-color":"var(--ast-global-color-5)","background-image":"","background-repeat":"repeat","background-position":"center center","background-size":"auto","background-attachment":"scroll","background-type":"","background-media":"","overlay-type":"","overlay-color":"","overlay-opacity":"","overlay-gradient":""},"mobile":{"background-color":"var(--ast-global-color-5)","background-image":"","background-repeat":"repeat","background-position":"center center","background-size":"auto","background-attachment":"scroll","background-type":"","background-media":"","overlay-type":"","overlay-color":"","overlay-opacity":"","overlay-gradient":""}},"footnotes":""},"categories":[7,1,29,301],"tags":[313,312,229,171],"class_list":["post-8396","post","type-post","status-publish","format-standard","has-post-thumbnail","hentry","category-eso-4","category-general","category-portada","category-radio_classica_nou","tag-idus-de-marc","tag-juli-cesar","tag-podcast","tag-roma"],"post_mailing_queue_ids":[],"_links":{"self":[{"href":"https:\/\/agora.xtec.cat\/insvilafranca\/wp-json\/wp\/v2\/posts\/8396","targetHints":{"allow":["GET"]}}],"collection":[{"href":"https:\/\/agora.xtec.cat\/insvilafranca\/wp-json\/wp\/v2\/posts"}],"about":[{"href":"https:\/\/agora.xtec.cat\/insvilafranca\/wp-json\/wp\/v2\/types\/post"}],"author":[{"embeddable":true,"href":"https:\/\/agora.xtec.cat\/insvilafranca\/wp-json\/wp\/v2\/users\/1"}],"replies":[{"embeddable":true,"href":"https:\/\/agora.xtec.cat\/insvilafranca\/wp-json\/wp\/v2\/comments?post=8396"}],"version-history":[{"count":6,"href":"https:\/\/agora.xtec.cat\/insvilafranca\/wp-json\/wp\/v2\/posts\/8396\/revisions"}],"predecessor-version":[{"id":8440,"href":"https:\/\/agora.xtec.cat\/insvilafranca\/wp-json\/wp\/v2\/posts\/8396\/revisions\/8440"}],"wp:featuredmedia":[{"embeddable":true,"href":"https:\/\/agora.xtec.cat\/insvilafranca\/wp-json\/wp\/v2\/media\/8441"}],"wp:attachment":[{"href":"https:\/\/agora.xtec.cat\/insvilafranca\/wp-json\/wp\/v2\/media?parent=8396"}],"wp:term":[{"taxonomy":"category","embeddable":true,"href":"https:\/\/agora.xtec.cat\/insvilafranca\/wp-json\/wp\/v2\/categories?post=8396"},{"taxonomy":"post_tag","embeddable":true,"href":"https:\/\/agora.xtec.cat\/insvilafranca\/wp-json\/wp\/v2\/tags?post=8396"}],"curies":[{"name":"wp","href":"https:\/\/api.w.org\/{rel}","templated":true}]}}