{"id":7885,"date":"2024-12-11T12:38:49","date_gmt":"2024-12-11T11:38:49","guid":{"rendered":"https:\/\/agora.xtec.cat\/insvilafranca\/?p=7885"},"modified":"2025-02-22T21:38:23","modified_gmt":"2025-02-22T20:38:23","slug":"la-corona-dariadna-viii-152-182","status":"publish","type":"post","link":"https:\/\/agora.xtec.cat\/insvilafranca\/general\/la-corona-dariadna-viii-152-182\/","title":{"rendered":"La corona d&#8217;Ariadna (VIII, 152-182)"},"content":{"rendered":"<p><iframe loading=\"lazy\" src=\"https:\/\/www.ivoox.com\/player_ej_136707244_6_1.html?c1=ead02a\" width=\"100%\" height=\"200\" frameborder=\"0\" scrolling=\"no\" allowfullscreen=\"allowfullscreen\"><\/iframe><\/p>\n<p><span style=\"font-family: inherit; font-size: 1em;\">El monstre de doble figura, el Minotaure, va ser tancat en el laberint i va ser alimentat dues vegades amb sang atenesa, per\u00f2 va ser ven\u00e7ut per Teseu, dels que la sort enviava cada nou anys. Amb l&#8217;ajut d&#8217;Ariadna i recollint un fil que havia anat deixant pr\u00e8viament, Teseu, el fill d&#8217;Egeu va trobar la sortida per on abans cap jove no havia passat dues vegades; tot seguit, va raptar a Ariadna la filla de Minos i va fer rumb cap a l&#8217;illa de Naxos, on va abandonar sense compassi\u00f3 la seva companya a la platja.<br \/>\nTEXT ADAPTAT A PARTIR DE LA TRADUCCI\u00d3 DE <\/span><em style=\"font-family: inherit; font-size: 1em;\">LES METAMORFOSIS<\/em><span style=\"font-family: inherit; font-size: 1em;\"> DE FERRAN AGUILERA I AMB LA VEU DE: <\/span><span style=\"font-family: inherit; font-size: 1em;\">MARIA GAYE I NAYARA SALES (1r BAT).<\/span><\/p>\n<p>Tot l&#8217;episodi a <a href=\"https:\/\/blocs.xtec.cat\/radioclassica\/category\/les-metamorfosis-dovidi\/\" target=\"_blank\" rel=\"noopener\">R\u00e0dio Cl\u00e0ssica del Nou. El podc\u00e0sting dels mites parlats<\/a>.<\/p>\n","protected":false},"excerpt":{"rendered":"<p>Amb l\u2019ajut d\u2019Ariadna i recollint un fil que havia anat deixant pr\u00e8viament, Teseu, el fill d\u2019Egeu va trobar la sortida del Laberint. Escolta el p\u00f2dcast de la Maria Gaye i la Nayara Sales (1r Bat) a: https:\/\/blocs.xtec.cat\/radioclassica\/category\/les-metamorfosis-dovidi\/<\/p>\n","protected":false},"author":1,"featured_media":7888,"comment_status":"closed","ping_status":"closed","sticky":false,"template":"","format":"standard","meta":{"_bbp_topic_count":0,"_bbp_reply_count":0,"_bbp_total_topic_count":0,"_bbp_total_reply_count":0,"_bbp_voice_count":0,"_bbp_anonymous_reply_count":0,"_bbp_topic_count_hidden":0,"_bbp_reply_count_hidden":0,"_bbp_forum_subforum_count":0,"site-sidebar-layout":"default","site-content-layout":"","ast-site-content-layout":"","site-content-style":"default","site-sidebar-style":"default","ast-global-header-display":"","ast-banner-title-visibility":"","ast-main-header-display":"","ast-hfb-above-header-display":"","ast-hfb-below-header-display":"","ast-hfb-mobile-header-display":"","site-post-title":"","ast-breadcrumbs-content":"","ast-featured-img":"","footer-sml-layout":"","theme-transparent-header-meta":"","adv-header-id-meta":"","stick-header-meta":"","header-above-stick-meta":"","header-main-stick-meta":"","header-below-stick-meta":"","astra-migrate-meta-layouts":"default","ast-page-background-enabled":"default","ast-page-background-meta":{"desktop":{"background-color":"var(--ast-global-color-4)","background-image":"","background-repeat":"repeat","background-position":"center center","background-size":"auto","background-attachment":"scroll","background-type":"","background-media":"","overlay-type":"","overlay-color":"","overlay-opacity":"","overlay-gradient":""},"tablet":{"background-color":"","background-image":"","background-repeat":"repeat","background-position":"center center","background-size":"auto","background-attachment":"scroll","background-type":"","background-media":"","overlay-type":"","overlay-color":"","overlay-opacity":"","overlay-gradient":""},"mobile":{"background-color":"","background-image":"","background-repeat":"repeat","background-position":"center center","background-size":"auto","background-attachment":"scroll","background-type":"","background-media":"","overlay-type":"","overlay-color":"","overlay-opacity":"","overlay-gradient":""}},"ast-content-background-meta":{"desktop":{"background-color":"var(--ast-global-color-5)","background-image":"","background-repeat":"repeat","background-position":"center center","background-size":"auto","background-attachment":"scroll","background-type":"","background-media":"","overlay-type":"","overlay-color":"","overlay-opacity":"","overlay-gradient":""},"tablet":{"background-color":"var(--ast-global-color-5)","background-image":"","background-repeat":"repeat","background-position":"center center","background-size":"auto","background-attachment":"scroll","background-type":"","background-media":"","overlay-type":"","overlay-color":"","overlay-opacity":"","overlay-gradient":""},"mobile":{"background-color":"var(--ast-global-color-5)","background-image":"","background-repeat":"repeat","background-position":"center center","background-size":"auto","background-attachment":"scroll","background-type":"","background-media":"","overlay-type":"","overlay-color":"","overlay-opacity":"","overlay-gradient":""}},"footnotes":""},"categories":[8,1,29,301],"tags":[198,238],"class_list":["post-7885","post","type-post","status-publish","format-standard","has-post-thumbnail","hentry","category-batxillerat","category-general","category-portada","category-radio_classica_nou","tag-mitologia","tag-radio-classica"],"post_mailing_queue_ids":[],"_links":{"self":[{"href":"https:\/\/agora.xtec.cat\/insvilafranca\/wp-json\/wp\/v2\/posts\/7885","targetHints":{"allow":["GET"]}}],"collection":[{"href":"https:\/\/agora.xtec.cat\/insvilafranca\/wp-json\/wp\/v2\/posts"}],"about":[{"href":"https:\/\/agora.xtec.cat\/insvilafranca\/wp-json\/wp\/v2\/types\/post"}],"author":[{"embeddable":true,"href":"https:\/\/agora.xtec.cat\/insvilafranca\/wp-json\/wp\/v2\/users\/1"}],"replies":[{"embeddable":true,"href":"https:\/\/agora.xtec.cat\/insvilafranca\/wp-json\/wp\/v2\/comments?post=7885"}],"version-history":[{"count":2,"href":"https:\/\/agora.xtec.cat\/insvilafranca\/wp-json\/wp\/v2\/posts\/7885\/revisions"}],"predecessor-version":[{"id":7887,"href":"https:\/\/agora.xtec.cat\/insvilafranca\/wp-json\/wp\/v2\/posts\/7885\/revisions\/7887"}],"wp:featuredmedia":[{"embeddable":true,"href":"https:\/\/agora.xtec.cat\/insvilafranca\/wp-json\/wp\/v2\/media\/7888"}],"wp:attachment":[{"href":"https:\/\/agora.xtec.cat\/insvilafranca\/wp-json\/wp\/v2\/media?parent=7885"}],"wp:term":[{"taxonomy":"category","embeddable":true,"href":"https:\/\/agora.xtec.cat\/insvilafranca\/wp-json\/wp\/v2\/categories?post=7885"},{"taxonomy":"post_tag","embeddable":true,"href":"https:\/\/agora.xtec.cat\/insvilafranca\/wp-json\/wp\/v2\/tags?post=7885"}],"curies":[{"name":"wp","href":"https:\/\/api.w.org\/{rel}","templated":true}]}}