{"id":2071,"date":"2018-05-21T18:37:47","date_gmt":"2018-05-21T16:37:47","guid":{"rendered":"http:\/\/agora.xtec.cat\/insvilafranca\/?p=2071"},"modified":"2018-07-12T10:06:50","modified_gmt":"2018-07-12T08:06:50","slug":"colonies-2n-eso-amposta","status":"publish","type":"post","link":"https:\/\/agora.xtec.cat\/insvilafranca\/eso\/eso-2\/colonies-2n-eso-amposta\/","title":{"rendered":"Col\u00f2nies 2n ESO Amposta Park FOTOS NOVES!!"},"content":{"rendered":"<p>Dilluns 21 i dimarts 22 de maig l&#8217;alumnat de 2n d&#8217;ESO va estar de col\u00f2nies a Amposta. El dilluns al mat\u00ed es van banyar amb tonyines, a la tarda van fer una volta pel delta amb bicicleta i el dimarts al mat\u00ed van anar amb canoa.<\/p>\n<p>Les fotos les podeu veure aqu\u00ed:<\/p>\n<p><a href=\"https:\/\/photos.app.goo.gl\/B5zNrqbawyJQLWza2\">\u00c0lbum de totes les activitats. <\/a><\/p>\n<p><a href=\"https:\/\/photos.app.goo.gl\/Ziy5bOHa7GOlvny93\">\u00c0lbum del vaixell i les tonyines.<\/a><\/p>\n<p><a href=\"http:\/\/agora.xtec.cat\/insvilafranca\/wp-content\/uploads\/usu75\/2018\/05\/2008FAF1-E9C3-46EC-B0D2-B5DA44D1A180.jpeg\"><img loading=\"lazy\" decoding=\"async\" class=\"alignnone size-large wp-image-2072\" src=\"http:\/\/agora.xtec.cat\/insvilafranca\/wp-content\/uploads\/usu75\/2018\/05\/2008FAF1-E9C3-46EC-B0D2-B5DA44D1A180-767x1024.jpeg\" alt=\"\" width=\"767\" height=\"1024\" srcset=\"https:\/\/agora.xtec.cat\/insvilafranca\/wp-content\/uploads\/usu75\/2018\/05\/2008FAF1-E9C3-46EC-B0D2-B5DA44D1A180-767x1024.jpeg 767w, https:\/\/agora.xtec.cat\/insvilafranca\/wp-content\/uploads\/usu75\/2018\/05\/2008FAF1-E9C3-46EC-B0D2-B5DA44D1A180-225x300.jpeg 225w, https:\/\/agora.xtec.cat\/insvilafranca\/wp-content\/uploads\/usu75\/2018\/05\/2008FAF1-E9C3-46EC-B0D2-B5DA44D1A180-768x1026.jpeg 768w, https:\/\/agora.xtec.cat\/insvilafranca\/wp-content\/uploads\/usu75\/2018\/05\/2008FAF1-E9C3-46EC-B0D2-B5DA44D1A180.jpeg 1198w\" sizes=\"auto, (max-width: 767px) 100vw, 767px\" \/><\/a> <a href=\"http:\/\/agora.xtec.cat\/insvilafranca\/wp-content\/uploads\/usu75\/2018\/05\/28B0F313-063E-4310-AFDC-6FCAD3EFD2AD.jpeg\"><img loading=\"lazy\" decoding=\"async\" class=\"alignnone size-large wp-image-2073\" src=\"http:\/\/agora.xtec.cat\/insvilafranca\/wp-content\/uploads\/usu75\/2018\/05\/28B0F313-063E-4310-AFDC-6FCAD3EFD2AD-768x1024.jpeg\" alt=\"\" width=\"768\" height=\"1024\" srcset=\"https:\/\/agora.xtec.cat\/insvilafranca\/wp-content\/uploads\/usu75\/2018\/05\/28B0F313-063E-4310-AFDC-6FCAD3EFD2AD-768x1024.jpeg 768w, https:\/\/agora.xtec.cat\/insvilafranca\/wp-content\/uploads\/usu75\/2018\/05\/28B0F313-063E-4310-AFDC-6FCAD3EFD2AD-225x300.jpeg 225w, https:\/\/agora.xtec.cat\/insvilafranca\/wp-content\/uploads\/usu75\/2018\/05\/28B0F313-063E-4310-AFDC-6FCAD3EFD2AD.jpeg 1200w\" sizes=\"auto, (max-width: 768px) 100vw, 768px\" \/><\/a> <a href=\"http:\/\/agora.xtec.cat\/insvilafranca\/wp-content\/uploads\/usu75\/2018\/05\/09B770C0-9578-466A-A9AC-BBC17E110803.jpeg\"><img loading=\"lazy\" decoding=\"async\" class=\"alignnone size-large wp-image-2074\" src=\"http:\/\/agora.xtec.cat\/insvilafranca\/wp-content\/uploads\/usu75\/2018\/05\/09B770C0-9578-466A-A9AC-BBC17E110803-1024x767.jpeg\" alt=\"\" width=\"1024\" height=\"767\" srcset=\"https:\/\/agora.xtec.cat\/insvilafranca\/wp-content\/uploads\/usu75\/2018\/05\/09B770C0-9578-466A-A9AC-BBC17E110803-1024x767.jpeg 1024w, https:\/\/agora.xtec.cat\/insvilafranca\/wp-content\/uploads\/usu75\/2018\/05\/09B770C0-9578-466A-A9AC-BBC17E110803-300x225.jpeg 300w, https:\/\/agora.xtec.cat\/insvilafranca\/wp-content\/uploads\/usu75\/2018\/05\/09B770C0-9578-466A-A9AC-BBC17E110803-768x575.jpeg 768w, https:\/\/agora.xtec.cat\/insvilafranca\/wp-content\/uploads\/usu75\/2018\/05\/09B770C0-9578-466A-A9AC-BBC17E110803-200x150.jpeg 200w, https:\/\/agora.xtec.cat\/insvilafranca\/wp-content\/uploads\/usu75\/2018\/05\/09B770C0-9578-466A-A9AC-BBC17E110803.jpeg 1600w\" sizes=\"auto, (max-width: 1024px) 100vw, 1024px\" \/><\/a><\/p>\n","protected":false},"excerpt":{"rendered":"<p>Dilluns 21 i dimarts 22 de maig l&#8217;alumnat de 2n d&#8217;ESO va estar de col\u00f2nies a Amposta. El dilluns al mat\u00ed es van banyar amb tonyines, a la tarda van fer una volta pel delta amb bicicleta i el dimarts al mat\u00ed van anar amb canoa. Les fotos les podeu veure aqu\u00ed: \u00c0lbum de totes [&hellip;]<\/p>\n","protected":false},"author":1,"featured_media":2074,"comment_status":"closed","ping_status":"closed","sticky":false,"template":"","format":"standard","meta":{"_bbp_topic_count":0,"_bbp_reply_count":0,"_bbp_total_topic_count":0,"_bbp_total_reply_count":0,"_bbp_voice_count":0,"_bbp_anonymous_reply_count":0,"_bbp_topic_count_hidden":0,"_bbp_reply_count_hidden":0,"_bbp_forum_subforum_count":0,"site-sidebar-layout":"default","site-content-layout":"","ast-site-content-layout":"","site-content-style":"default","site-sidebar-style":"default","ast-global-header-display":"","ast-banner-title-visibility":"","ast-main-header-display":"","ast-hfb-above-header-display":"","ast-hfb-below-header-display":"","ast-hfb-mobile-header-display":"","site-post-title":"","ast-breadcrumbs-content":"","ast-featured-img":"","footer-sml-layout":"","theme-transparent-header-meta":"","adv-header-id-meta":"","stick-header-meta":"","header-above-stick-meta":"","header-main-stick-meta":"","header-below-stick-meta":"","astra-migrate-meta-layouts":"default","ast-page-background-enabled":"default","ast-page-background-meta":{"desktop":{"background-color":"var(--ast-global-color-4)","background-image":"","background-repeat":"repeat","background-position":"center center","background-size":"auto","background-attachment":"scroll","background-type":"","background-media":"","overlay-type":"","overlay-color":"","overlay-opacity":"","overlay-gradient":""},"tablet":{"background-color":"","background-image":"","background-repeat":"repeat","background-position":"center center","background-size":"auto","background-attachment":"scroll","background-type":"","background-media":"","overlay-type":"","overlay-color":"","overlay-opacity":"","overlay-gradient":""},"mobile":{"background-color":"","background-image":"","background-repeat":"repeat","background-position":"center center","background-size":"auto","background-attachment":"scroll","background-type":"","background-media":"","overlay-type":"","overlay-color":"","overlay-opacity":"","overlay-gradient":""}},"ast-content-background-meta":{"desktop":{"background-color":"var(--ast-global-color-5)","background-image":"","background-repeat":"repeat","background-position":"center center","background-size":"auto","background-attachment":"scroll","background-type":"","background-media":"","overlay-type":"","overlay-color":"","overlay-opacity":"","overlay-gradient":""},"tablet":{"background-color":"var(--ast-global-color-5)","background-image":"","background-repeat":"repeat","background-position":"center center","background-size":"auto","background-attachment":"scroll","background-type":"","background-media":"","overlay-type":"","overlay-color":"","overlay-opacity":"","overlay-gradient":""},"mobile":{"background-color":"var(--ast-global-color-5)","background-image":"","background-repeat":"repeat","background-position":"center center","background-size":"auto","background-attachment":"scroll","background-type":"","background-media":"","overlay-type":"","overlay-color":"","overlay-opacity":"","overlay-gradient":""}},"footnotes":""},"categories":[5,117,29],"tags":[],"class_list":["post-2071","post","type-post","status-publish","format-standard","has-post-thumbnail","hentry","category-eso-2","category-fotos-1718","category-portada"],"post_mailing_queue_ids":[],"_links":{"self":[{"href":"https:\/\/agora.xtec.cat\/insvilafranca\/wp-json\/wp\/v2\/posts\/2071","targetHints":{"allow":["GET"]}}],"collection":[{"href":"https:\/\/agora.xtec.cat\/insvilafranca\/wp-json\/wp\/v2\/posts"}],"about":[{"href":"https:\/\/agora.xtec.cat\/insvilafranca\/wp-json\/wp\/v2\/types\/post"}],"author":[{"embeddable":true,"href":"https:\/\/agora.xtec.cat\/insvilafranca\/wp-json\/wp\/v2\/users\/1"}],"replies":[{"embeddable":true,"href":"https:\/\/agora.xtec.cat\/insvilafranca\/wp-json\/wp\/v2\/comments?post=2071"}],"version-history":[{"count":3,"href":"https:\/\/agora.xtec.cat\/insvilafranca\/wp-json\/wp\/v2\/posts\/2071\/revisions"}],"predecessor-version":[{"id":2089,"href":"https:\/\/agora.xtec.cat\/insvilafranca\/wp-json\/wp\/v2\/posts\/2071\/revisions\/2089"}],"wp:featuredmedia":[{"embeddable":true,"href":"https:\/\/agora.xtec.cat\/insvilafranca\/wp-json\/wp\/v2\/media\/2074"}],"wp:attachment":[{"href":"https:\/\/agora.xtec.cat\/insvilafranca\/wp-json\/wp\/v2\/media?parent=2071"}],"wp:term":[{"taxonomy":"category","embeddable":true,"href":"https:\/\/agora.xtec.cat\/insvilafranca\/wp-json\/wp\/v2\/categories?post=2071"},{"taxonomy":"post_tag","embeddable":true,"href":"https:\/\/agora.xtec.cat\/insvilafranca\/wp-json\/wp\/v2\/tags?post=2071"}],"curies":[{"name":"wp","href":"https:\/\/api.w.org\/{rel}","templated":true}]}}