{"id":2036,"date":"2018-04-29T12:16:28","date_gmt":"2018-04-29T10:16:28","guid":{"rendered":"http:\/\/agora.xtec.cat\/insvilafranca\/?p=2036"},"modified":"2018-06-02T12:19:55","modified_gmt":"2018-06-02T10:19:55","slug":"actes-de-sant-jordi-premiats-a-lauditori","status":"publish","type":"post","link":"https:\/\/agora.xtec.cat\/insvilafranca\/general\/actes-de-sant-jordi-premiats-a-lauditori\/","title":{"rendered":"Actes de Sant Jordi: Premiats a l&#8217;auditori"},"content":{"rendered":"<p><b>GUANYADORS DEL IV CERTAMEN ART\u00cdSTIC I LITERARI SANT JORDI 2018 \u00a0<\/b><\/p>\n<p><a href=\"https:\/\/photos.app.goo.gl\/uVsw3465gz5Ap08X2\">FOTOS DELS PREMIATS<\/a><\/p>\n<p>POESIA EN LLENGUA CATALANA:<\/p>\n<p>En la categoria A (1r i 2n d\u2019ESO)<\/p>\n<ul>\n<li style=\"font-weight: 400;\">El 2n premi\u00a0 \u00e9s per a l\u2019obra CARTA A UN AMIC,\u00a0 <strong>SARA AL NATOUR<\/strong> de 1r B.<\/li>\n<\/ul>\n<ul>\n<li style=\"font-weight: 400;\">El 1r premi \u00e9s per al poema EL DRAC I EL LLIBRE,\u00a0 <strong>ALEXIA SAGRERA<\/strong> DE 1r A.<\/li>\n<\/ul>\n<p>En la categoria B (3r i 4t d\u2019ESO)<\/p>\n<ul>\n<li style=\"font-weight: 400;\">El 2n premi \u00e9s per al poema SOC DONA, <strong>MARTA FERRET<\/strong> de 3rC.<\/li>\n<\/ul>\n<ul>\n<li style=\"font-weight: 400;\">El 1r premi \u00e9s per al poema ELS POBLES CATALANS, <strong>CL\u00c0UDIA PEDERNERA<\/strong> de 3rC.<\/li>\n<\/ul>\n<p>NARRACIONS EN LLENGUA CATALANA\u00a0:<\/p>\n<p>En la CATEGORIA A<\/p>\n<ul>\n<li style=\"font-weight: 400;\">El 2n premi \u00e9s per a l\u2019obra L\u2019\u00c9SSER DELS OBJECTES PERDUTS, \u00a0<strong>MART\u00cd AIX\u00c0S<\/strong> de 1rA.<\/li>\n<\/ul>\n<ul>\n<li style=\"font-weight: 400;\">El 1r premi \u00e9s per a l\u2019obra EL CONQUERIDOR, \u00a0<strong>PAU VALDEPE\u00d1AS<\/strong> de 1r A.<\/li>\n<\/ul>\n<p>En la CATEGORIA B<\/p>\n<ul>\n<li style=\"font-weight: 400;\">El 2n premi \u00e9s per a l\u2019obra L\u00cdDIA 05,<strong> ITZIAR D\u00cdAZ<\/strong> de 3rA.<\/li>\n<\/ul>\n<ul>\n<li style=\"font-weight: 400;\">El 1r premi \u00e9s per a l\u2019obra JA DA BURGERS, <strong>RICARD RODR\u00cdGUEZ<\/strong> de 3rB.<\/li>\n<\/ul>\n<p>TEXTOS EN LLENGUA CASTELLANA<\/p>\n<p>Per a la categoria A (1r i 2n ESO):<\/p>\n<p>2n Premi de narraci\u00f3 en llengua castellana: <strong>Emma Lobato Pujad\u00f3<\/strong>.<\/p>\n<p>1er Premi de narraci\u00f3 en llengua castellana: <strong>Naiara Rodr\u00edguez Gaspar<\/strong>.<\/p>\n<p>El Premi de poesia en aquesta categoria queda desert. Es donen dos acc\u00e9ssits de narraci\u00f3: un a la categoria A i un a la B.<\/p>\n<p>ACCESIT de narraci\u00f3 en llengua castellana: <strong>Karla Ana\u00ed Carrasco Zapata<\/strong><\/p>\n<p>Per a la categoria B (3r i 4t ESO):<\/p>\n<p>2n Premi de narraci\u00f3 en llengua castellana: <strong>Miriam Ouriaghli<\/strong>.\u00a0Curs: 4ESO.<\/p>\n<p>1er Premi de narraci\u00f3 en llengua castellana:<strong> Iris Soler Pe\u00f1a<\/strong>.\u00a0Curs: 4ESO.<\/p>\n<p>ACCESIT de narraci\u00f3 en llengua castellana: <strong>Andrea Amo<\/strong> \u00a0Curs: 4 ESO.<\/p>\n<p>2n Premi de poesia en llengua castellana: <strong>No\u00e8lia Gonzalez<\/strong> Curs: 3ESO.<\/p>\n<p>1er Premi de narraci\u00f3 en llengua castellana: <strong>Pol Saumell Curs<\/strong>: 3ESO.<\/p>\n<p>TEXTOS EN LLENGUA ANGLESA<\/p>\n<p>Per a la categoria A (1r i 2n ESO):<\/p>\n<p>2n Premi: <strong>F\u00e1tima Sadouki.<\/strong>\u00a0Curs: 1ESO.<\/p>\n<p>1er Premi: <strong>Emma Lobato Pujad\u00f3<\/strong>.\u00a0Curs: 2ESO.<\/p>\n<p>Per a la categoria B (3r i 4t ESO):<\/p>\n<p>2n Premi:<strong> Miriam Ouriaghli<\/strong>.\u00a0Curs: 4ESO.<\/p>\n<p>1er Premi: <strong>Iris Soler Pe\u00f1a<\/strong>.\u00a0Curs: 4ESO.<\/p>\n<p>GUANYADORS DE LES PROVES CANGUR DE L&#8217;INSTITUT:\u00e7<\/p>\n<p>1r ESO:<strong> Daniel R\u00edos<\/strong><\/p>\n<p>2n ESO: Empat en la puntuaci\u00f3 entre <strong>F\u00e8lix R\u00e0fols i Pol Crespo<\/strong> (des d&#8217;aqu\u00ed demanem disculpes perqu\u00e8 en Pol Crespo no va sortir premiat per un error administratiu)<\/p>\n<p>3r ESO:\u00a0 <strong>Nil S\u00e1nchez<\/strong><\/p>\n<p>GUANYADORS DEL CONCURS DE FOTOGRAFIA<\/p>\n<p>Premis convocats per l\u2019AMPA de l\u2019institut Nou de Vilafranca.<\/p>\n<p>Premi a la fotografia m\u00e9s divertida<\/p>\n<p>El 2n premi \u00e9s per l\u2019<strong>ANDREA PI\u00d1A<\/strong><\/p>\n<p>El 1r premi \u00e9s per l\u2019<strong>ARNAU GINER<\/strong><\/p>\n<p>Premi a la fotografia del Rac\u00f3 preferit<\/p>\n<p>El 2n premi \u00e9s per l\u2019<strong>ADRI\u00c0 IBA\u00d1EZ<\/strong><\/p>\n<p>El 1r premi \u00e9s pel <strong>POL SAUMELL<\/strong><\/p>\n<p>Premi a la fotografia sobre NATURA:<\/p>\n<p>El 2n \u00e9s per la <strong>LUNA GARBIN<\/strong><\/p>\n<p>El 1r per la <strong>MARTA MILL<\/strong><\/p>\n<p>&nbsp;<\/p>\n","protected":false},"excerpt":{"rendered":"<p>GUANYADORS DEL IV CERTAMEN ART\u00cdSTIC I LITERARI SANT JORDI 2018 \u00a0 FOTOS DELS PREMIATS POESIA EN LLENGUA CATALANA: En la categoria A (1r i 2n d\u2019ESO) El 2n premi\u00a0 \u00e9s per a l\u2019obra CARTA A UN AMIC,\u00a0 SARA AL NATOUR de 1r B. El 1r premi \u00e9s per al poema EL DRAC I EL LLIBRE,\u00a0 [&hellip;]<\/p>\n","protected":false},"author":1,"featured_media":1246,"comment_status":"closed","ping_status":"closed","sticky":false,"template":"","format":"standard","meta":{"_bbp_topic_count":0,"_bbp_reply_count":0,"_bbp_total_topic_count":0,"_bbp_total_reply_count":0,"_bbp_voice_count":0,"_bbp_anonymous_reply_count":0,"_bbp_topic_count_hidden":0,"_bbp_reply_count_hidden":0,"_bbp_forum_subforum_count":0,"site-sidebar-layout":"default","site-content-layout":"","ast-site-content-layout":"","site-content-style":"default","site-sidebar-style":"default","ast-global-header-display":"","ast-banner-title-visibility":"","ast-main-header-display":"","ast-hfb-above-header-display":"","ast-hfb-below-header-display":"","ast-hfb-mobile-header-display":"","site-post-title":"","ast-breadcrumbs-content":"","ast-featured-img":"","footer-sml-layout":"","theme-transparent-header-meta":"","adv-header-id-meta":"","stick-header-meta":"","header-above-stick-meta":"","header-main-stick-meta":"","header-below-stick-meta":"","astra-migrate-meta-layouts":"default","ast-page-background-enabled":"default","ast-page-background-meta":{"desktop":{"background-color":"var(--ast-global-color-4)","background-image":"","background-repeat":"repeat","background-position":"center center","background-size":"auto","background-attachment":"scroll","background-type":"","background-media":"","overlay-type":"","overlay-color":"","overlay-opacity":"","overlay-gradient":""},"tablet":{"background-color":"","background-image":"","background-repeat":"repeat","background-position":"center center","background-size":"auto","background-attachment":"scroll","background-type":"","background-media":"","overlay-type":"","overlay-color":"","overlay-opacity":"","overlay-gradient":""},"mobile":{"background-color":"","background-image":"","background-repeat":"repeat","background-position":"center center","background-size":"auto","background-attachment":"scroll","background-type":"","background-media":"","overlay-type":"","overlay-color":"","overlay-opacity":"","overlay-gradient":""}},"ast-content-background-meta":{"desktop":{"background-color":"var(--ast-global-color-5)","background-image":"","background-repeat":"repeat","background-position":"center center","background-size":"auto","background-attachment":"scroll","background-type":"","background-media":"","overlay-type":"","overlay-color":"","overlay-opacity":"","overlay-gradient":""},"tablet":{"background-color":"var(--ast-global-color-5)","background-image":"","background-repeat":"repeat","background-position":"center center","background-size":"auto","background-attachment":"scroll","background-type":"","background-media":"","overlay-type":"","overlay-color":"","overlay-opacity":"","overlay-gradient":""},"mobile":{"background-color":"var(--ast-global-color-5)","background-image":"","background-repeat":"repeat","background-position":"center center","background-size":"auto","background-attachment":"scroll","background-type":"","background-media":"","overlay-type":"","overlay-color":"","overlay-opacity":"","overlay-gradient":""}},"footnotes":""},"categories":[3,117,1,29],"tags":[],"class_list":["post-2036","post","type-post","status-publish","format-standard","has-post-thumbnail","hentry","category-eso","category-fotos-1718","category-general","category-portada"],"post_mailing_queue_ids":[],"_links":{"self":[{"href":"https:\/\/agora.xtec.cat\/insvilafranca\/wp-json\/wp\/v2\/posts\/2036","targetHints":{"allow":["GET"]}}],"collection":[{"href":"https:\/\/agora.xtec.cat\/insvilafranca\/wp-json\/wp\/v2\/posts"}],"about":[{"href":"https:\/\/agora.xtec.cat\/insvilafranca\/wp-json\/wp\/v2\/types\/post"}],"author":[{"embeddable":true,"href":"https:\/\/agora.xtec.cat\/insvilafranca\/wp-json\/wp\/v2\/users\/1"}],"replies":[{"embeddable":true,"href":"https:\/\/agora.xtec.cat\/insvilafranca\/wp-json\/wp\/v2\/comments?post=2036"}],"version-history":[{"count":3,"href":"https:\/\/agora.xtec.cat\/insvilafranca\/wp-json\/wp\/v2\/posts\/2036\/revisions"}],"predecessor-version":[{"id":2043,"href":"https:\/\/agora.xtec.cat\/insvilafranca\/wp-json\/wp\/v2\/posts\/2036\/revisions\/2043"}],"wp:featuredmedia":[{"embeddable":true,"href":"https:\/\/agora.xtec.cat\/insvilafranca\/wp-json\/wp\/v2\/media\/1246"}],"wp:attachment":[{"href":"https:\/\/agora.xtec.cat\/insvilafranca\/wp-json\/wp\/v2\/media?parent=2036"}],"wp:term":[{"taxonomy":"category","embeddable":true,"href":"https:\/\/agora.xtec.cat\/insvilafranca\/wp-json\/wp\/v2\/categories?post=2036"},{"taxonomy":"post_tag","embeddable":true,"href":"https:\/\/agora.xtec.cat\/insvilafranca\/wp-json\/wp\/v2\/tags?post=2036"}],"curies":[{"name":"wp","href":"https:\/\/api.w.org\/{rel}","templated":true}]}}