{"id":6768,"date":"2021-11-10T18:50:18","date_gmt":"2021-11-10T17:50:18","guid":{"rendered":"https:\/\/agora.xtec.cat\/insvilafant\/?p=6768"},"modified":"2021-11-10T18:50:18","modified_gmt":"2021-11-10T17:50:18","slug":"visions-cants-de-joan-maragall","status":"publish","type":"post","link":"https:\/\/agora.xtec.cat\/insvilafant\/batxillerat\/visions-cants-de-joan-maragall\/","title":{"rendered":"&#8220;Visions &#038; Cants&#8221;, de Joan Maragall"},"content":{"rendered":"<p align=\"center\"><b>Ignasi Moreta parla de <i>Visions &amp; Cants <\/i>als alumnes de 2<sup>n<\/sup> de BAT<\/b><\/p>\n<p align=\"justify\">El divendres 5 de novembre, Ignasi Moreta, especialista en Joan Maragall, va parlar de <i>Visions &amp; Cants <\/i>(1900) als alumnes de Literatura Catalana de 2<sup>n<\/sup> de batxillerat. Aquest llibre \u00e9s lectura de l\u2019assignatura de Literatura Catalana enguany.<\/p>\n<p align=\"justify\">Ignasi Moreta va editar <i>Visions &amp; Cants <\/i>el 2003 i va dedicar la seva tesi de doctorat a analitzar el pensament religi\u00f3s a la poesia de Maragall. \u00c9s director de l\u2019editorial Fragmenta de Barcelona. Ha publicat el primer volum de l\u2019edici\u00f3 cr\u00edtica de la poesia i el teatre de Joan Maragall a Edicions 62 amb Llu\u00eds Quintana.<\/p>\n<p><a href=\"https:\/\/agora.xtec.cat\/insvilafant\/wp-content\/uploads\/usu195\/2021\/11\/20211105_092346-scaled.jpg\"><img loading=\"lazy\" decoding=\"async\" class=\"alignnone size-large wp-image-6769\" src=\"https:\/\/agora.xtec.cat\/insvilafant\/wp-content\/uploads\/usu195\/2021\/11\/20211105_092346-1024x768.jpg\" alt=\"\" width=\"1024\" height=\"768\" srcset=\"https:\/\/agora.xtec.cat\/insvilafant\/wp-content\/uploads\/usu195\/2021\/11\/20211105_092346-1024x768.jpg 1024w, https:\/\/agora.xtec.cat\/insvilafant\/wp-content\/uploads\/usu195\/2021\/11\/20211105_092346-300x225.jpg 300w, https:\/\/agora.xtec.cat\/insvilafant\/wp-content\/uploads\/usu195\/2021\/11\/20211105_092346-768x576.jpg 768w, https:\/\/agora.xtec.cat\/insvilafant\/wp-content\/uploads\/usu195\/2021\/11\/20211105_092346-1536x1152.jpg 1536w, https:\/\/agora.xtec.cat\/insvilafant\/wp-content\/uploads\/usu195\/2021\/11\/20211105_092346-2048x1536.jpg 2048w, https:\/\/agora.xtec.cat\/insvilafant\/wp-content\/uploads\/usu195\/2021\/11\/20211105_092346-200x150.jpg 200w\" sizes=\"auto, (max-width: 1024px) 100vw, 1024px\" \/><\/a><\/p>\n","protected":false},"excerpt":{"rendered":"<p>Ignasi Moreta parla de Visions &amp; Cants als alumnes de 2n de BAT<br \/>\nEl divendres 5 de novembre, Ignasi Moreta, especialista en Joan Maragall, va parlar de Visions &amp; Cants (1900) als alumnes de Literatura Catalana de 2n de batxillerat. Aquest llibre \u00e9s lectura de l\u2019assignatura&hellip;  <a href=\"https:\/\/agora.xtec.cat\/insvilafant\/batxillerat\/visions-cants-de-joan-maragall\/\" title=\"Read &#8220;Visions &#038; Cants&#8221;, de Joan Maragall\">Llegeix m\u00e9s\u00bb<\/a><\/p>\n","protected":false},"author":1,"featured_media":6769,"comment_status":"open","ping_status":"closed","sticky":false,"template":"","format":"standard","meta":{"_bbp_topic_count":0,"_bbp_reply_count":0,"_bbp_total_topic_count":0,"_bbp_total_reply_count":0,"_bbp_voice_count":0,"_bbp_anonymous_reply_count":0,"_bbp_topic_count_hidden":0,"_bbp_reply_count_hidden":0,"_bbp_forum_subforum_count":0,"footnotes":""},"categories":[59,8,29],"tags":[],"class_list":["post-6768","post","type-post","status-publish","format-standard","has-post-thumbnail","hentry","category-2-bat","category-batxillerat","category-portada"],"post_mailing_queue_ids":[],"_links":{"self":[{"href":"https:\/\/agora.xtec.cat\/insvilafant\/wp-json\/wp\/v2\/posts\/6768","targetHints":{"allow":["GET"]}}],"collection":[{"href":"https:\/\/agora.xtec.cat\/insvilafant\/wp-json\/wp\/v2\/posts"}],"about":[{"href":"https:\/\/agora.xtec.cat\/insvilafant\/wp-json\/wp\/v2\/types\/post"}],"author":[{"embeddable":true,"href":"https:\/\/agora.xtec.cat\/insvilafant\/wp-json\/wp\/v2\/users\/1"}],"replies":[{"embeddable":true,"href":"https:\/\/agora.xtec.cat\/insvilafant\/wp-json\/wp\/v2\/comments?post=6768"}],"version-history":[{"count":1,"href":"https:\/\/agora.xtec.cat\/insvilafant\/wp-json\/wp\/v2\/posts\/6768\/revisions"}],"predecessor-version":[{"id":6770,"href":"https:\/\/agora.xtec.cat\/insvilafant\/wp-json\/wp\/v2\/posts\/6768\/revisions\/6770"}],"wp:featuredmedia":[{"embeddable":true,"href":"https:\/\/agora.xtec.cat\/insvilafant\/wp-json\/wp\/v2\/media\/6769"}],"wp:attachment":[{"href":"https:\/\/agora.xtec.cat\/insvilafant\/wp-json\/wp\/v2\/media?parent=6768"}],"wp:term":[{"taxonomy":"category","embeddable":true,"href":"https:\/\/agora.xtec.cat\/insvilafant\/wp-json\/wp\/v2\/categories?post=6768"},{"taxonomy":"post_tag","embeddable":true,"href":"https:\/\/agora.xtec.cat\/insvilafant\/wp-json\/wp\/v2\/tags?post=6768"}],"curies":[{"name":"wp","href":"https:\/\/api.w.org\/{rel}","templated":true}]}}