{"id":6324,"date":"2021-03-03T11:38:47","date_gmt":"2021-03-03T10:38:47","guid":{"rendered":"https:\/\/agora.xtec.cat\/insvilafant\/?p=6324"},"modified":"2021-03-03T11:39:41","modified_gmt":"2021-03-03T10:39:41","slug":"preinscripcio-21-22","status":"publish","type":"post","link":"https:\/\/agora.xtec.cat\/insvilafant\/portada\/preinscripcio-21-22\/","title":{"rendered":"Preinscripci\u00f3 21-22"},"content":{"rendered":"<h3 style=\"text-align: center;\"><a href=\"https:\/\/preinscripcio.gencat.cat\/ca\/inici\/\"><img loading=\"lazy\" decoding=\"async\" class=\"aligncenter wp-image-6325 size-full\" src=\"https:\/\/agora.xtec.cat\/insvilafant\/wp-content\/uploads\/usu195\/2021\/02\/CapturaPreins2.png\" alt=\"\" width=\"592\" height=\"123\" srcset=\"https:\/\/agora.xtec.cat\/insvilafant\/wp-content\/uploads\/usu195\/2021\/02\/CapturaPreins2.png 592w, https:\/\/agora.xtec.cat\/insvilafant\/wp-content\/uploads\/usu195\/2021\/02\/CapturaPreins2-300x62.png 300w\" sizes=\"auto, (max-width: 592px) 100vw, 592px\" \/><\/a>Reuni\u00f3 informativa telem\u00e0tica dilluns 15 de mar\u00e7 a les 19h<\/h3>\n","protected":false},"excerpt":{"rendered":"<p><a href=\"https:\/\/preinscripcio.gencat.cat\/ca\/inici\/\"><\/a>Reuni\u00f3 informativa telem\u00e0tica dilluns 15 de mar\u00e7 a les 19h<\/p>\n","protected":false},"author":1,"featured_media":6325,"comment_status":"open","ping_status":"closed","sticky":false,"template":"","format":"standard","meta":{"_bbp_topic_count":0,"_bbp_reply_count":0,"_bbp_total_topic_count":0,"_bbp_total_reply_count":0,"_bbp_voice_count":0,"_bbp_anonymous_reply_count":0,"_bbp_topic_count_hidden":0,"_bbp_reply_count_hidden":0,"_bbp_forum_subforum_count":0,"footnotes":""},"categories":[29],"tags":[],"class_list":["post-6324","post","type-post","status-publish","format-standard","has-post-thumbnail","hentry","category-portada"],"post_mailing_queue_ids":[],"_links":{"self":[{"href":"https:\/\/agora.xtec.cat\/insvilafant\/wp-json\/wp\/v2\/posts\/6324","targetHints":{"allow":["GET"]}}],"collection":[{"href":"https:\/\/agora.xtec.cat\/insvilafant\/wp-json\/wp\/v2\/posts"}],"about":[{"href":"https:\/\/agora.xtec.cat\/insvilafant\/wp-json\/wp\/v2\/types\/post"}],"author":[{"embeddable":true,"href":"https:\/\/agora.xtec.cat\/insvilafant\/wp-json\/wp\/v2\/users\/1"}],"replies":[{"embeddable":true,"href":"https:\/\/agora.xtec.cat\/insvilafant\/wp-json\/wp\/v2\/comments?post=6324"}],"version-history":[{"count":3,"href":"https:\/\/agora.xtec.cat\/insvilafant\/wp-json\/wp\/v2\/posts\/6324\/revisions"}],"predecessor-version":[{"id":6340,"href":"https:\/\/agora.xtec.cat\/insvilafant\/wp-json\/wp\/v2\/posts\/6324\/revisions\/6340"}],"wp:featuredmedia":[{"embeddable":true,"href":"https:\/\/agora.xtec.cat\/insvilafant\/wp-json\/wp\/v2\/media\/6325"}],"wp:attachment":[{"href":"https:\/\/agora.xtec.cat\/insvilafant\/wp-json\/wp\/v2\/media?parent=6324"}],"wp:term":[{"taxonomy":"category","embeddable":true,"href":"https:\/\/agora.xtec.cat\/insvilafant\/wp-json\/wp\/v2\/categories?post=6324"},{"taxonomy":"post_tag","embeddable":true,"href":"https:\/\/agora.xtec.cat\/insvilafant\/wp-json\/wp\/v2\/tags?post=6324"}],"curies":[{"name":"wp","href":"https:\/\/api.w.org\/{rel}","templated":true}]}}