{"id":6316,"date":"2021-02-14T16:47:06","date_gmt":"2021-02-14T15:47:06","guid":{"rendered":"https:\/\/agora.xtec.cat\/insvilafant\/?p=6316"},"modified":"2021-02-14T16:50:16","modified_gmt":"2021-02-14T15:50:16","slug":"carnestoltes-2021","status":"publish","type":"post","link":"https:\/\/agora.xtec.cat\/insvilafant\/portada\/carnestoltes-2021\/","title":{"rendered":"Carnestoltes 2021"},"content":{"rendered":"<p>Malgrat la pand\u00e8mia, amb restriccions, per\u00f2 tamb\u00e9 hem celebrat el Carnestoltes.<\/p>\n<p><a title=\"Carnestoltes 2021\" href=\"https:\/\/www.flickr.com\/photos\/64639844@N02\/albums\/72157718283505518\" data-flickr-embed=\"true\"><img loading=\"lazy\" decoding=\"async\" src=\"https:\/\/live.staticflickr.com\/65535\/50941730561_19a747204a_z.jpg\" alt=\"Carnestoltes 2021\" width=\"640\" height=\"480\" \/><\/a><script async src=\"\/\/embedr.flickr.com\/assets\/client-code.js\" charset=\"utf-8\"><\/script><\/p>\n","protected":false},"excerpt":{"rendered":"<p>Malgrat la pand\u00e8mia, amb restriccions, per\u00f2 tamb\u00e9 hem celebrat el Carnestoltes.<br \/>\n<a title=\"Carnestoltes 2021\" href=\"https:\/\/www.flickr.com\/photos\/64639844@N02\/albums\/72157718283505518\" data-flickr-embed=\"true\"><\/a><\/p>\n","protected":false},"author":1,"featured_media":6318,"comment_status":"open","ping_status":"closed","sticky":false,"template":"","format":"standard","meta":{"_bbp_topic_count":0,"_bbp_reply_count":0,"_bbp_total_topic_count":0,"_bbp_total_reply_count":0,"_bbp_voice_count":0,"_bbp_anonymous_reply_count":0,"_bbp_topic_count_hidden":0,"_bbp_reply_count_hidden":0,"_bbp_forum_subforum_count":0,"footnotes":""},"categories":[29],"tags":[],"class_list":["post-6316","post","type-post","status-publish","format-standard","has-post-thumbnail","hentry","category-portada"],"post_mailing_queue_ids":[],"_links":{"self":[{"href":"https:\/\/agora.xtec.cat\/insvilafant\/wp-json\/wp\/v2\/posts\/6316","targetHints":{"allow":["GET"]}}],"collection":[{"href":"https:\/\/agora.xtec.cat\/insvilafant\/wp-json\/wp\/v2\/posts"}],"about":[{"href":"https:\/\/agora.xtec.cat\/insvilafant\/wp-json\/wp\/v2\/types\/post"}],"author":[{"embeddable":true,"href":"https:\/\/agora.xtec.cat\/insvilafant\/wp-json\/wp\/v2\/users\/1"}],"replies":[{"embeddable":true,"href":"https:\/\/agora.xtec.cat\/insvilafant\/wp-json\/wp\/v2\/comments?post=6316"}],"version-history":[{"count":1,"href":"https:\/\/agora.xtec.cat\/insvilafant\/wp-json\/wp\/v2\/posts\/6316\/revisions"}],"predecessor-version":[{"id":6317,"href":"https:\/\/agora.xtec.cat\/insvilafant\/wp-json\/wp\/v2\/posts\/6316\/revisions\/6317"}],"wp:featuredmedia":[{"embeddable":true,"href":"https:\/\/agora.xtec.cat\/insvilafant\/wp-json\/wp\/v2\/media\/6318"}],"wp:attachment":[{"href":"https:\/\/agora.xtec.cat\/insvilafant\/wp-json\/wp\/v2\/media?parent=6316"}],"wp:term":[{"taxonomy":"category","embeddable":true,"href":"https:\/\/agora.xtec.cat\/insvilafant\/wp-json\/wp\/v2\/categories?post=6316"},{"taxonomy":"post_tag","embeddable":true,"href":"https:\/\/agora.xtec.cat\/insvilafant\/wp-json\/wp\/v2\/tags?post=6316"}],"curies":[{"name":"wp","href":"https:\/\/api.w.org\/{rel}","templated":true}]}}