{"id":6128,"date":"2020-07-14T17:16:00","date_gmt":"2020-07-14T15:16:00","guid":{"rendered":"https:\/\/agora.xtec.cat\/insvilafant\/?p=6128"},"modified":"2020-07-14T17:52:39","modified_gmt":"2020-07-14T15:52:39","slug":"xiii-premi-sambori-de-narrativa-escolar","status":"publish","type":"post","link":"https:\/\/agora.xtec.cat\/insvilafant\/portada\/xiii-premi-sambori-de-narrativa-escolar\/","title":{"rendered":"XIII Premi Sambori de narrativa escolar"},"content":{"rendered":"<p>L&#8217;alumne de 2n de Batxillerat, Estel Ferrer Juanola, ha estat guardonada emb el <a href=\"https:\/\/www.omnium.cat\/ca\/veredicte-del-premi-sambori-de-la-demarcacio-de-girona-catalunya-nord\/\" target=\"_blank\" rel=\"noopener noreferrer\">XII Premi Sambori de narrativa escolar<\/a> organitzat per \u00d2mnium Cultural. El t\u00edtol de la seva narraci\u00f3 \u00e9s <em>Trossos de vida.<\/em><\/p>\n<p><a href=\"https:\/\/agora.xtec.cat\/insvilafant\/wp-content\/uploads\/usu195\/2020\/07\/Captura-de-Pantalla-2020-07-14-a-les-17.14.30.png\"><img loading=\"lazy\" decoding=\"async\" class=\"size-full wp-image-6129 aligncenter\" src=\"https:\/\/agora.xtec.cat\/insvilafant\/wp-content\/uploads\/usu195\/2020\/07\/Captura-de-Pantalla-2020-07-14-a-les-17.14.30.png\" alt=\"\" width=\"980\" height=\"510\" srcset=\"https:\/\/agora.xtec.cat\/insvilafant\/wp-content\/uploads\/usu195\/2020\/07\/Captura-de-Pantalla-2020-07-14-a-les-17.14.30.png 980w, https:\/\/agora.xtec.cat\/insvilafant\/wp-content\/uploads\/usu195\/2020\/07\/Captura-de-Pantalla-2020-07-14-a-les-17.14.30-300x156.png 300w, https:\/\/agora.xtec.cat\/insvilafant\/wp-content\/uploads\/usu195\/2020\/07\/Captura-de-Pantalla-2020-07-14-a-les-17.14.30-768x400.png 768w\" sizes=\"auto, (max-width: 980px) 100vw, 980px\" \/><\/a><\/p>\n","protected":false},"excerpt":{"rendered":"<p>L&#8217;alumne de 2n de Batxillerat, Estel Ferrer Juanola, ha estat guardonada emb el <a href=\"https:\/\/www.omnium.cat\/ca\/veredicte-del-premi-sambori-de-la-demarcacio-de-girona-catalunya-nord\/\" target=\"_blank\" rel=\"noopener noreferrer\">XII Premi Sambori de narrativa escolar<\/a> organitzat per \u00d2mnium Cultural. El t\u00edtol de la seva narraci\u00f3 \u00e9s Trossos de vida.<br \/>\n<a href=\"https:\/\/agora.xtec.cat\/insvilafant\/wp-content\/uploads\/usu195\/2020\/07\/Captura-de-Pantalla-2020-07-14-a-les-17.14.30.png\"><\/a><\/p>\n","protected":false},"author":1,"featured_media":6129,"comment_status":"open","ping_status":"closed","sticky":false,"template":"","format":"standard","meta":{"_bbp_topic_count":0,"_bbp_reply_count":0,"_bbp_total_topic_count":0,"_bbp_total_reply_count":0,"_bbp_voice_count":0,"_bbp_anonymous_reply_count":0,"_bbp_topic_count_hidden":0,"_bbp_reply_count_hidden":0,"_bbp_forum_subforum_count":0,"footnotes":""},"categories":[29],"tags":[],"class_list":["post-6128","post","type-post","status-publish","format-standard","has-post-thumbnail","hentry","category-portada"],"post_mailing_queue_ids":[],"_links":{"self":[{"href":"https:\/\/agora.xtec.cat\/insvilafant\/wp-json\/wp\/v2\/posts\/6128","targetHints":{"allow":["GET"]}}],"collection":[{"href":"https:\/\/agora.xtec.cat\/insvilafant\/wp-json\/wp\/v2\/posts"}],"about":[{"href":"https:\/\/agora.xtec.cat\/insvilafant\/wp-json\/wp\/v2\/types\/post"}],"author":[{"embeddable":true,"href":"https:\/\/agora.xtec.cat\/insvilafant\/wp-json\/wp\/v2\/users\/1"}],"replies":[{"embeddable":true,"href":"https:\/\/agora.xtec.cat\/insvilafant\/wp-json\/wp\/v2\/comments?post=6128"}],"version-history":[{"count":2,"href":"https:\/\/agora.xtec.cat\/insvilafant\/wp-json\/wp\/v2\/posts\/6128\/revisions"}],"predecessor-version":[{"id":6133,"href":"https:\/\/agora.xtec.cat\/insvilafant\/wp-json\/wp\/v2\/posts\/6128\/revisions\/6133"}],"wp:featuredmedia":[{"embeddable":true,"href":"https:\/\/agora.xtec.cat\/insvilafant\/wp-json\/wp\/v2\/media\/6129"}],"wp:attachment":[{"href":"https:\/\/agora.xtec.cat\/insvilafant\/wp-json\/wp\/v2\/media?parent=6128"}],"wp:term":[{"taxonomy":"category","embeddable":true,"href":"https:\/\/agora.xtec.cat\/insvilafant\/wp-json\/wp\/v2\/categories?post=6128"},{"taxonomy":"post_tag","embeddable":true,"href":"https:\/\/agora.xtec.cat\/insvilafant\/wp-json\/wp\/v2\/tags?post=6128"}],"curies":[{"name":"wp","href":"https:\/\/api.w.org\/{rel}","templated":true}]}}