{"id":5767,"date":"2020-01-21T18:18:42","date_gmt":"2020-01-21T17:18:42","guid":{"rendered":"https:\/\/agora.xtec.cat\/insvilafant\/?p=5767"},"modified":"2020-01-23T15:53:50","modified_gmt":"2020-01-23T14:53:50","slug":"suspensio-classes-dimecres-22-de-gener","status":"publish","type":"post","link":"https:\/\/agora.xtec.cat\/insvilafant\/portada\/suspensio-classes-dimecres-22-de-gener\/","title":{"rendered":"Suspensi\u00f3 classes dimecres 22 de gener"},"content":{"rendered":"<h4>Les darreres informacions de qu\u00e8 disposem s\u00f3n que la previsi\u00f3 de la situaci\u00f3 meteorol\u00f2gica empitjori durant la propera nit. Per aquest motiu, de manera consensuada amb l&#8217;Alcaldessa, Sra. Consol Cantenys, i seguint les indicacions de la Direcci\u00f3 Territorial d&#8217;Educaci\u00f3, comuniquem que el centre romandr\u00e0 tancat el dimecres 22 de gener.<\/h4>\n<p>&nbsp;<\/p>\n<p>&nbsp;<\/p>\n<p>&nbsp;<\/p>\n","protected":false},"excerpt":{"rendered":"<p>Les darreres informacions de qu\u00e8 disposem s\u00f3n que la previsi\u00f3 de la situaci\u00f3 meteorol\u00f2gica empitjori durant la propera nit. Per aquest motiu, de manera consensuada amb l&#8217;Alcaldessa, Sra. Consol Cantenys, i seguint les indicacions de la Direcci\u00f3 Territorial d&#8217;Educaci\u00f3, comuniquem que el centre romandr\u00e0 tancat&hellip;  <a href=\"https:\/\/agora.xtec.cat\/insvilafant\/portada\/suspensio-classes-dimecres-22-de-gener\/\" title=\"Read Suspensi\u00f3 classes dimecres 22 de gener\">Llegeix m\u00e9s\u00bb<\/a><\/p>\n","protected":false},"author":1,"featured_media":0,"comment_status":"open","ping_status":"closed","sticky":false,"template":"","format":"standard","meta":{"_bbp_topic_count":0,"_bbp_reply_count":0,"_bbp_total_topic_count":0,"_bbp_total_reply_count":0,"_bbp_voice_count":0,"_bbp_anonymous_reply_count":0,"_bbp_topic_count_hidden":0,"_bbp_reply_count_hidden":0,"_bbp_forum_subforum_count":0,"footnotes":""},"categories":[29],"tags":[],"class_list":["post-5767","post","type-post","status-publish","format-standard","hentry","category-portada"],"post_mailing_queue_ids":[],"_links":{"self":[{"href":"https:\/\/agora.xtec.cat\/insvilafant\/wp-json\/wp\/v2\/posts\/5767","targetHints":{"allow":["GET"]}}],"collection":[{"href":"https:\/\/agora.xtec.cat\/insvilafant\/wp-json\/wp\/v2\/posts"}],"about":[{"href":"https:\/\/agora.xtec.cat\/insvilafant\/wp-json\/wp\/v2\/types\/post"}],"author":[{"embeddable":true,"href":"https:\/\/agora.xtec.cat\/insvilafant\/wp-json\/wp\/v2\/users\/1"}],"replies":[{"embeddable":true,"href":"https:\/\/agora.xtec.cat\/insvilafant\/wp-json\/wp\/v2\/comments?post=5767"}],"version-history":[{"count":3,"href":"https:\/\/agora.xtec.cat\/insvilafant\/wp-json\/wp\/v2\/posts\/5767\/revisions"}],"predecessor-version":[{"id":5773,"href":"https:\/\/agora.xtec.cat\/insvilafant\/wp-json\/wp\/v2\/posts\/5767\/revisions\/5773"}],"wp:attachment":[{"href":"https:\/\/agora.xtec.cat\/insvilafant\/wp-json\/wp\/v2\/media?parent=5767"}],"wp:term":[{"taxonomy":"category","embeddable":true,"href":"https:\/\/agora.xtec.cat\/insvilafant\/wp-json\/wp\/v2\/categories?post=5767"},{"taxonomy":"post_tag","embeddable":true,"href":"https:\/\/agora.xtec.cat\/insvilafant\/wp-json\/wp\/v2\/tags?post=5767"}],"curies":[{"name":"wp","href":"https:\/\/api.w.org\/{rel}","templated":true}]}}