{"id":4664,"date":"2019-10-11T11:29:36","date_gmt":"2019-10-11T09:29:36","guid":{"rendered":"https:\/\/agora.xtec.cat\/insvilafant\/?p=4664"},"modified":"2019-11-04T16:15:19","modified_gmt":"2019-11-04T15:15:19","slug":"xips-medipix-i-timepix","status":"publish","type":"post","link":"https:\/\/agora.xtec.cat\/insvilafant\/portada\/xips-medipix-i-timepix\/","title":{"rendered":"Xips Medipix i TimePix"},"content":{"rendered":"<p style=\"text-align: justify;\">El nostre centre <strong>(\u00fanic de Girona)<\/strong> ha estat seleccionat per participar en el projecte <a href=\"http:\/\/www.ub.edu\/cere\/forces\/els-xips-medipix-i-timepix-del-cern-les-escoles\" target=\"_blank\" rel=\"noopener noreferrer\">ADMIRA<\/a> (Activitats amb Detectors <a href=\"https:\/\/medipix.web.cern.ch\/\" target=\"_blank\" rel=\"noopener noreferrer\">Medipix<\/a> per Investigar la Radiaci\u00f3 a l&#8217;Aula). Essencialment, el projecte vol apropar la recerca als nostres alumnes per tal d&#8217;impulsar noves vocacions cient\u00edfiques i t\u00e8cniques. El projecte ofereix l&#8217;oportunitat de treballar amb dispositius desenvolupats en un centre de recerca com el CERN, donar-los formaci\u00f3 addicional i fent-los treballar en una xarxa tem\u00e0tica. El projecte est\u00e0 pensat per tal que els estudiants aprenguin tenint un paper actiu en la recerca del coneixement, conceptes sobre la radiaci\u00f3 natural (tipus, fonts), an\u00e0lisi de dades amb algoritmes i nocions d&#8217;electr\u00f2nica amb una metodologia en la que les diferents disciplines es retroalimenten. Tamb\u00e9 \u00e9s important el vessant de treball en equips i la presentaci\u00f3 de projectes en p\u00fablic. La participaci\u00f3 en el projecte aportar\u00e0 als estudiants coneixements aprofundits en f\u00edsica, qu\u00edmica i matem\u00e0tiques. Els alumnes podran experimentar i veure que molts fen\u00f2mens naturals poden ser observables de manera senzilla a l&#8217;aula i laboratori, en definitiva ser\u00e0 una manera d&#8217;apropar l&#8217;experimentaci\u00f3 a la realitat.<\/p>\n<p>&nbsp;<\/p>\n<p>&nbsp;<\/p>\n","protected":false},"excerpt":{"rendered":"<p>El nostre centre (\u00fanic de Girona) ha estat seleccionat per participar en el projecte <a href=\"http:\/\/www.ub.edu\/cere\/forces\/els-xips-medipix-i-timepix-del-cern-les-escoles\" target=\"_blank\" rel=\"noopener noreferrer\">ADMIRA<\/a> (Activitats amb Detectors <a href=\"https:\/\/medipix.web.cern.ch\/\" target=\"_blank\" rel=\"noopener noreferrer\">Medipix<\/a> per Investigar la Radiaci\u00f3 a l&#8217;Aula). Essencialment, el projecte vol apropar la recerca als nostres alumnes per tal&hellip;  <a href=\"https:\/\/agora.xtec.cat\/insvilafant\/portada\/xips-medipix-i-timepix\/\" title=\"Read Xips Medipix i TimePix\">Llegeix m\u00e9s\u00bb<\/a><\/p>\n","protected":false},"author":1,"featured_media":4665,"comment_status":"open","ping_status":"closed","sticky":false,"template":"","format":"standard","meta":{"_bbp_topic_count":0,"_bbp_reply_count":0,"_bbp_total_topic_count":0,"_bbp_total_reply_count":0,"_bbp_voice_count":0,"_bbp_anonymous_reply_count":0,"_bbp_topic_count_hidden":0,"_bbp_reply_count_hidden":0,"_bbp_forum_subforum_count":0,"footnotes":""},"categories":[29],"tags":[],"class_list":["post-4664","post","type-post","status-publish","format-standard","has-post-thumbnail","hentry","category-portada"],"post_mailing_queue_ids":[],"_links":{"self":[{"href":"https:\/\/agora.xtec.cat\/insvilafant\/wp-json\/wp\/v2\/posts\/4664","targetHints":{"allow":["GET"]}}],"collection":[{"href":"https:\/\/agora.xtec.cat\/insvilafant\/wp-json\/wp\/v2\/posts"}],"about":[{"href":"https:\/\/agora.xtec.cat\/insvilafant\/wp-json\/wp\/v2\/types\/post"}],"author":[{"embeddable":true,"href":"https:\/\/agora.xtec.cat\/insvilafant\/wp-json\/wp\/v2\/users\/1"}],"replies":[{"embeddable":true,"href":"https:\/\/agora.xtec.cat\/insvilafant\/wp-json\/wp\/v2\/comments?post=4664"}],"version-history":[{"count":3,"href":"https:\/\/agora.xtec.cat\/insvilafant\/wp-json\/wp\/v2\/posts\/4664\/revisions"}],"predecessor-version":[{"id":4732,"href":"https:\/\/agora.xtec.cat\/insvilafant\/wp-json\/wp\/v2\/posts\/4664\/revisions\/4732"}],"wp:featuredmedia":[{"embeddable":true,"href":"https:\/\/agora.xtec.cat\/insvilafant\/wp-json\/wp\/v2\/media\/4665"}],"wp:attachment":[{"href":"https:\/\/agora.xtec.cat\/insvilafant\/wp-json\/wp\/v2\/media?parent=4664"}],"wp:term":[{"taxonomy":"category","embeddable":true,"href":"https:\/\/agora.xtec.cat\/insvilafant\/wp-json\/wp\/v2\/categories?post=4664"},{"taxonomy":"post_tag","embeddable":true,"href":"https:\/\/agora.xtec.cat\/insvilafant\/wp-json\/wp\/v2\/tags?post=4664"}],"curies":[{"name":"wp","href":"https:\/\/api.w.org\/{rel}","templated":true}]}}