{"id":4554,"date":"2019-06-09T11:41:31","date_gmt":"2019-06-09T09:41:31","guid":{"rendered":"http:\/\/agora.xtec.cat\/insvilafant\/?p=4554"},"modified":"2019-11-30T10:09:09","modified_gmt":"2019-11-30T09:09:09","slug":"1a-pedra-institut-de-vilafant-video","status":"publish","type":"post","link":"https:\/\/agora.xtec.cat\/insvilafant\/portada\/1a-pedra-institut-de-vilafant-video\/","title":{"rendered":"1a pedra Institut de Vilafant (v\u00eddeo)"},"content":{"rendered":"<p>Recull de v\u00eddeos i imatges de l&#8217;acte de la 1a pedra de l&#8217;Institut de Vilafant, composici\u00f3 de l&#8217;alumne de 1r de Batxillerat Josep Menci\u00f3n i Seguranyes<\/p>\n<p><iframe loading=\"lazy\" title=\"Acte 8 de juny: 1a pedra Institut de Vilafant\" width=\"500\" height=\"281\" src=\"https:\/\/www.youtube.com\/embed\/U0Mw23HZ40k?feature=oembed\" frameborder=\"0\" allow=\"accelerometer; autoplay; clipboard-write; encrypted-media; gyroscope; picture-in-picture; web-share\" referrerpolicy=\"strict-origin-when-cross-origin\" allowfullscreen><\/iframe><\/p>\n<p>&nbsp;<\/p>\n","protected":false},"excerpt":{"rendered":"<p>Recull de v\u00eddeos i imatges de l&#8217;acte de la 1a pedra de l&#8217;Institut de Vilafant, composici\u00f3 de l&#8217;alumne de 1r de Batxillerat Josep Menci\u00f3n i Seguranyes<\/p>\n<p>&nbsp;<\/p>\n","protected":false},"author":1,"featured_media":4555,"comment_status":"open","ping_status":"closed","sticky":false,"template":"","format":"standard","meta":{"_bbp_topic_count":0,"_bbp_reply_count":0,"_bbp_total_topic_count":0,"_bbp_total_reply_count":0,"_bbp_voice_count":0,"_bbp_anonymous_reply_count":0,"_bbp_topic_count_hidden":0,"_bbp_reply_count_hidden":0,"_bbp_forum_subforum_count":0,"footnotes":""},"categories":[31,29],"tags":[],"class_list":["post-4554","post","type-post","status-publish","format-standard","has-post-thumbnail","hentry","category-ampa","category-portada"],"post_mailing_queue_ids":[],"_links":{"self":[{"href":"https:\/\/agora.xtec.cat\/insvilafant\/wp-json\/wp\/v2\/posts\/4554","targetHints":{"allow":["GET"]}}],"collection":[{"href":"https:\/\/agora.xtec.cat\/insvilafant\/wp-json\/wp\/v2\/posts"}],"about":[{"href":"https:\/\/agora.xtec.cat\/insvilafant\/wp-json\/wp\/v2\/types\/post"}],"author":[{"embeddable":true,"href":"https:\/\/agora.xtec.cat\/insvilafant\/wp-json\/wp\/v2\/users\/1"}],"replies":[{"embeddable":true,"href":"https:\/\/agora.xtec.cat\/insvilafant\/wp-json\/wp\/v2\/comments?post=4554"}],"version-history":[{"count":2,"href":"https:\/\/agora.xtec.cat\/insvilafant\/wp-json\/wp\/v2\/posts\/4554\/revisions"}],"predecessor-version":[{"id":5190,"href":"https:\/\/agora.xtec.cat\/insvilafant\/wp-json\/wp\/v2\/posts\/4554\/revisions\/5190"}],"wp:featuredmedia":[{"embeddable":true,"href":"https:\/\/agora.xtec.cat\/insvilafant\/wp-json\/wp\/v2\/media\/4555"}],"wp:attachment":[{"href":"https:\/\/agora.xtec.cat\/insvilafant\/wp-json\/wp\/v2\/media?parent=4554"}],"wp:term":[{"taxonomy":"category","embeddable":true,"href":"https:\/\/agora.xtec.cat\/insvilafant\/wp-json\/wp\/v2\/categories?post=4554"},{"taxonomy":"post_tag","embeddable":true,"href":"https:\/\/agora.xtec.cat\/insvilafant\/wp-json\/wp\/v2\/tags?post=4554"}],"curies":[{"name":"wp","href":"https:\/\/api.w.org\/{rel}","templated":true}]}}